{"id":5159,"date":"2017-07-20T14:33:49","date_gmt":"2017-07-20T18:33:49","guid":{"rendered":"http:\/\/santemc.quebec\/icentre\/?p=5159"},"modified":"2017-07-20T14:33:49","modified_gmt":"2017-07-20T18:33:49","slug":"quand-je-serai-grand-je-serai-pompier-en-route-vers-le-defi-des-generations-contre-le-cancer-avec-mark-bedford","status":"publish","type":"post","link":"https:\/\/santemc.quebec\/icentre\/quand-je-serai-grand-je-serai-pompier-en-route-vers-le-defi-des-generations-contre-le-cancer-avec-mark-bedford\/","title":{"rendered":"\u00ab Quand je serai grand, je serai pompier. \u00bb \u2013 En route vers le D\u00e9fi des g\u00e9n\u00e9rations contre le cancer avec Mark Bedford"},"content":{"rendered":"<div id=\"attachment_5160\" style=\"width: 213px\" class=\"wp-caption alignleft\"><a href=\"http:\/\/santemc.quebec\/santemc\/icentre\/wp-content\/uploads\/2017\/07\/MBedford.jpg\"><img aria-describedby=\"caption-attachment-5160\" decoding=\"async\" loading=\"lazy\" class=\"size-medium wp-image-5160\" src=\"http:\/\/santemc.quebec\/santemc\/icentre\/wp-content\/uploads\/2017\/07\/MBedford-203x300.jpg\" alt=\"\" width=\"203\" height=\"300\" srcset=\"https:\/\/santemc.quebec\/santemc\/icentre\/wp-content\/uploads\/2017\/07\/MBedford-203x300.jpg 203w, https:\/\/santemc.quebec\/santemc\/icentre\/wp-content\/uploads\/2017\/07\/MBedford-768x1137.jpg 768w, https:\/\/santemc.quebec\/santemc\/icentre\/wp-content\/uploads\/2017\/07\/MBedford-692x1024.jpg 692w, https:\/\/santemc.quebec\/santemc\/icentre\/wp-content\/uploads\/2017\/07\/MBedford.jpg 1500w\" sizes=\"(max-width: 203px) 100vw, 203px\" \/><\/a><p id=\"caption-attachment-5160\" class=\"wp-caption-text\">\u00ab Je voulais \u00eatre pompier. Je ne pensais pas pouvoir l\u2019\u00eatre. Finalement, je le suis depuis 10 ans! \u00bb<\/p><\/div>\n<p>Petit, lorsque l\u2019on me demandait ce que je voulais faire plus tard, je r\u00e9pondais \u00ab\u00a0pompier\u00a0\u00bb\u2026 comme la plupart des petits gar\u00e7ons! Je regardais mon parrain R\u00e9al, lui-m\u00eame pompier \u00e0 Montr\u00e9al, et je r\u00eavais d\u2019\u00eatre aussi fort et courageux que lui.<\/p>\n<p><!--more--><\/p>\n<p>C\u2019\u00e9tait mon r\u00eave, mais je ne pensais pas pouvoir le r\u00e9aliser. Non pas parce que je manquais de courage, mais plut\u00f4t parce que j\u2019\u00e9tais un \u00ab\u00a0grand pr\u00e9matur\u00e9\u00a0\u00bb, avec une sant\u00e9 fragile. \u00c0 la fin des ann\u00e9es 60, na\u00eetre \u00e0 28 semaines de grossesse avec un poids de moins de 1,2 kilogramme, c\u2019est une entr\u00e9e un peu difficile dans la vie!<\/p>\n<p>J\u2019\u00e9tais plus petit, plus faible et plus souvent malade, mais toujours d\u00e9termin\u00e9 \u00e0 faire comme les autres. Bien vite, j\u2019ai r\u00e9alis\u00e9 que je ne pourrais pas devenir pompier. Je n\u2019avais pas la force physique qu\u2019il fallait. Alors j\u2019ai choisi une autre carri\u00e8re.<\/p>\n<p>Puis, \u00e0 21 ans, tout a chang\u00e9. J\u2019ai particip\u00e9 \u00e0 un voyage de marche en Italie avec 10 gars et 13 filles. Durant trois semaines, nous avons march\u00e9 pr\u00e8s de 200 kilom\u00e8tres et grimp\u00e9 des sommets de plus de 3300 m\u00e8tres d\u2019altitude.<\/p>\n<p>Cette exp\u00e9rience de vie a \u00e9t\u00e9 LA bougie d\u2019allumage. J\u2019\u00e9tais capable de grimper les Alpes. J\u2019\u00e9tais donc capable d\u2019atteindre mon but\u00a0: devenir pompier!<\/p>\n<p>J\u2019ai entrepris des cours le soir et les fins de semaine et au bout d\u2019un an et demi, j\u2019ai gradu\u00e9 de l\u2019\u00c9cole nationale des pompiers du Qu\u00e9bec. Je suis devenu pompier et m\u00eame lieutenant.<\/p>\n<p>La leuc\u00e9mie m\u2019a \u00e9videmment oblig\u00e9 \u00e0 arr\u00eater le travail et le chemin s\u2019annonce long avant que je puisse recommencer \u00e0 r\u00e9pondre \u00e0 des appels. Mais si un minuscule b\u00e9b\u00e9, qui n\u2019\u00e9tait pas plus grand que la main de son p\u00e8re, a r\u00e9ussi \u00e0 se battre pour rester en vie, le pompier que je suis retournera combattre les feux et donner envie aux enfants qui le regardent de dire\u00a0: \u00ab\u00a0Quand je serai grand, moi aussi je serai pompier!\u00a0\u00bb<\/p>\n<p>Mark<\/p>\n<p><a href=\"http:\/\/www.fhclm.ca\/blogue\/\">http:\/\/www.fhclm.ca\/blogue\/<\/a><\/p>\n","protected":false},"excerpt":{"rendered":"<p>Petit, lorsque l\u2019on me demandait ce que je voulais faire plus tard, je r\u00e9pondais \u00ab\u00a0pompier\u00a0\u00bb\u2026 comme la plupart des petits gar\u00e7ons! Je regardais mon parrain R\u00e9al, lui-m\u00eame pompier \u00e0 Montr\u00e9al, et je r\u00eavais d\u2019\u00eatre aussi fort et courageux que lui.<\/p>\n","protected":false},"author":9,"featured_media":0,"comment_status":"open","ping_status":"closed","sticky":false,"template":"","format":"standard","meta":{"footnotes":""},"categories":[1],"tags":[],"_links":{"self":[{"href":"https:\/\/santemc.quebec\/icentre\/wp-json\/wp\/v2\/posts\/5159"}],"collection":[{"href":"https:\/\/santemc.quebec\/icentre\/wp-json\/wp\/v2\/posts"}],"about":[{"href":"https:\/\/santemc.quebec\/icentre\/wp-json\/wp\/v2\/types\/post"}],"author":[{"embeddable":true,"href":"https:\/\/santemc.quebec\/icentre\/wp-json\/wp\/v2\/users\/9"}],"replies":[{"embeddable":true,"href":"https:\/\/santemc.quebec\/icentre\/wp-json\/wp\/v2\/comments?post=5159"}],"version-history":[{"count":3,"href":"https:\/\/santemc.quebec\/icentre\/wp-json\/wp\/v2\/posts\/5159\/revisions"}],"predecessor-version":[{"id":5166,"href":"https:\/\/santemc.quebec\/icentre\/wp-json\/wp\/v2\/posts\/5159\/revisions\/5166"}],"wp:attachment":[{"href":"https:\/\/santemc.quebec\/icentre\/wp-json\/wp\/v2\/media?parent=5159"}],"wp:term":[{"taxonomy":"category","embeddable":true,"href":"https:\/\/santemc.quebec\/icentre\/wp-json\/wp\/v2\/categories?post=5159"},{"taxonomy":"post_tag","embeddable":true,"href":"https:\/\/santemc.quebec\/icentre\/wp-json\/wp\/v2\/tags?post=5159"}],"curies":[{"name":"wp","href":"https:\/\/api.w.org\/{rel}","templated":true}]}}