{"id":5162,"date":"2017-07-20T14:33:56","date_gmt":"2017-07-20T18:33:56","guid":{"rendered":"http:\/\/santemc.quebec\/icentre\/?p=5162"},"modified":"2017-07-20T14:33:56","modified_gmt":"2017-07-20T18:33:56","slug":"un-jardin-prive-vous-ouvre-ses-portes-au-profit-des-patients","status":"publish","type":"post","link":"https:\/\/santemc.quebec\/icentre\/un-jardin-prive-vous-ouvre-ses-portes-au-profit-des-patients\/","title":{"rendered":"Un jardin priv\u00e9 vous ouvre ses portes au profit des patients"},"content":{"rendered":"<p style=\"text-align: left;\"><a href=\"http:\/\/santemc.quebec\/santemc\/icentre\/wp-content\/uploads\/2017\/07\/IMG_6059.jpg\"><img decoding=\"async\" loading=\"lazy\" class=\"size-medium wp-image-5163 alignleft\" src=\"http:\/\/santemc.quebec\/santemc\/icentre\/wp-content\/uploads\/2017\/07\/IMG_6059-300x200.jpg\" alt=\"\" width=\"300\" height=\"200\" srcset=\"https:\/\/santemc.quebec\/santemc\/icentre\/wp-content\/uploads\/2017\/07\/IMG_6059-300x200.jpg 300w, https:\/\/santemc.quebec\/santemc\/icentre\/wp-content\/uploads\/2017\/07\/IMG_6059-450x300.jpg 450w, https:\/\/santemc.quebec\/santemc\/icentre\/wp-content\/uploads\/2017\/07\/IMG_6059.jpg 500w\" sizes=\"(max-width: 300px) 100vw, 300px\" \/><\/a>Pour une cinqui\u00e8me ann\u00e9e, l\u2019Association des auxiliaires b\u00e9n\u00e9voles de l\u2019H\u00f4pital Charles-Le Moyne vous invite \u00e0 visiter un magnifique jardin priv\u00e9, ouvert de fa\u00e7on exceptionnelle au profit des patients. L\u2019activit\u00e9 vous est offerte les fins de semaine des 22 et 23 juillet, 29 et 30 juillet ainsi que les 5 et 6 ao\u00fbt, de 10 h \u00e0 16 h.<\/p>\n<p><!--more--><\/p>\n<p>V\u00e9ritable mus\u00e9e en plein air, le Jardin Harmonia pr\u00e9sente plus de 84\u00a0000 pieds carr\u00e9s dont les am\u00e9nagements grandissent d\u2019ann\u00e9e en ann\u00e9e depuis plus de 35 ans. Ses sept espaces d\u2019inspiration de diff\u00e9rentes cultures attirent chaque ann\u00e9e de nombreux passionn\u00e9s d\u2019horticulture, d\u2019art et de nature. C\u2019est en effet plus de 2 000 personnes qui ont pris part \u00e0 la visite l\u2019an dernier. Rappelons que les dons volontaires sont tous vers\u00e9s au b\u00e9n\u00e9fice\u00a0de l\u2019H\u00f4pital Charles Le Moyne.<\/p>\n<p>C\u2019est donc un rendez-vous pour les prochaines fins de semaine au 1995, rue du Sommet Trinit\u00e9, \u00e0 Saint-Bruno-de-Montarville.<\/p>\n<p>Pour information\u00a0: <a href=\"mailto:rogerjolin@aei.ca\">rogerjolin@aei.ca<\/a><\/p>\n<p>Pour \u00a0voir des photos du jardin\u00a0:\u00a0 <a href=\"http:\/\/www.jardinharmonia.com\/\">www.jardinharmonia.com<\/a><\/p>\n","protected":false},"excerpt":{"rendered":"<p>Pour une cinqui\u00e8me ann\u00e9e, l\u2019Association des auxiliaires b\u00e9n\u00e9voles de l\u2019H\u00f4pital Charles-Le Moyne vous invite \u00e0 visiter un magnifique jardin priv\u00e9, ouvert de fa\u00e7on exceptionnelle au profit des patients. L\u2019activit\u00e9 vous est offerte les fins de semaine des 22 et 23 &hellip; <a href=\"https:\/\/santemc.quebec\/icentre\/un-jardin-prive-vous-ouvre-ses-portes-au-profit-des-patients\/\">Continuer la lecture <span class=\"meta-nav\">&rarr;<\/span><\/a><\/p>\n","protected":false},"author":9,"featured_media":0,"comment_status":"open","ping_status":"closed","sticky":false,"template":"","format":"standard","meta":{"footnotes":""},"categories":[1],"tags":[],"_links":{"self":[{"href":"https:\/\/santemc.quebec\/icentre\/wp-json\/wp\/v2\/posts\/5162"}],"collection":[{"href":"https:\/\/santemc.quebec\/icentre\/wp-json\/wp\/v2\/posts"}],"about":[{"href":"https:\/\/santemc.quebec\/icentre\/wp-json\/wp\/v2\/types\/post"}],"author":[{"embeddable":true,"href":"https:\/\/santemc.quebec\/icentre\/wp-json\/wp\/v2\/users\/9"}],"replies":[{"embeddable":true,"href":"https:\/\/santemc.quebec\/icentre\/wp-json\/wp\/v2\/comments?post=5162"}],"version-history":[{"count":1,"href":"https:\/\/santemc.quebec\/icentre\/wp-json\/wp\/v2\/posts\/5162\/revisions"}],"predecessor-version":[{"id":5164,"href":"https:\/\/santemc.quebec\/icentre\/wp-json\/wp\/v2\/posts\/5162\/revisions\/5164"}],"wp:attachment":[{"href":"https:\/\/santemc.quebec\/icentre\/wp-json\/wp\/v2\/media?parent=5162"}],"wp:term":[{"taxonomy":"category","embeddable":true,"href":"https:\/\/santemc.quebec\/icentre\/wp-json\/wp\/v2\/categories?post=5162"},{"taxonomy":"post_tag","embeddable":true,"href":"https:\/\/santemc.quebec\/icentre\/wp-json\/wp\/v2\/tags?post=5162"}],"curies":[{"name":"wp","href":"https:\/\/api.w.org\/{rel}","templated":true}]}}