{"id":5171,"date":"2017-07-20T15:50:05","date_gmt":"2017-07-20T19:50:05","guid":{"rendered":"http:\/\/santemc.quebec\/icentre\/?p=5171"},"modified":"2017-07-20T15:50:05","modified_gmt":"2017-07-20T19:50:05","slug":"ouverture-de-lunite-de-soins-palliatifs-du-chsld-champlain","status":"publish","type":"post","link":"https:\/\/santemc.quebec\/icentre\/ouverture-de-lunite-de-soins-palliatifs-du-chsld-champlain\/","title":{"rendered":"Ouverture de l\u2019unit\u00e9 de soins palliatifs du CHSLD Champlain"},"content":{"rendered":"<p>L\u2019\u00e9quipe de gestion de projet est fi\u00e8re de vous annoncer que la nouvelle unit\u00e9 de soins palliatifs du CHSLD Champlain est maintenant pr\u00eate et accueillera ses premiers patients \u00e0 compter du 26 juillet prochain. Cette nouvelle unit\u00e9 de 14 chambres individuelles permettra d\u2019am\u00e9liorer l\u2019acc\u00e8s \u00e0 la population du RLS de Champlain \u00e0 des lits de soins palliatifs et de fin de vie, et ce, dans un environnement de soins propice au bien-\u00eatre de la client\u00e8le et sa famille.<\/p>\n<p><!--more--><\/p>\n<p>Il est important de comprendre qu\u2019un projet de cette envergure n\u00e9cessite l\u2019apport de plusieurs directions de notre organisation. Sa r\u00e9alisation n\u2019aurait pu se concr\u00e9tiser sans l\u2019engagement et le travail soutenu de tous les membres du comit\u00e9 de coordination de projet, constitu\u00e9 de repr\u00e9sentants de plusieurs directions\u00a0:<\/p>\n<ul>\n<li>Direction des ressources financi\u00e8res;<\/li>\n<li>Direction des ressources humaines, des communications et des affaires juridiques;<\/li>\n<li>Direction r\u00e9gionale des ressources informationnelles;<\/li>\n<li>Direction des soins infirmiers;<\/li>\n<li>Direction des services multidisciplinaires;<\/li>\n<li>Direction des services professionnels (d\u00e9partement de pharmacie);<\/li>\n<li>Direction des services techniques;<\/li>\n<li>Direction Logistique (approvisionnement);<\/li>\n<li>Direction soutien \u00e0 l\u2019autonomie des personnes \u00e2g\u00e9es;<\/li>\n<li>ainsi que les repr\u00e9sentantes des \u00e9quipes m\u00e9dicales, docteures Julie Gareau et Chantal M\u00e9na.<\/li>\n<\/ul>\n<p>Afin de vous permettre de visualiser l\u2019unit\u00e9 de soins palliatifs, voici quelques photos des lieux.<\/p>\n<p>F\u00e9licitations et merci \u00e0 toutes les personnes qui ont contribu\u00e9 \u00e0 mener \u00e0 terme ce magnifique projet.<\/p>\n<p>Lise Pouliot, pr\u00e9sidente-directrice g\u00e9n\u00e9rale adjointe et responsable du Bureau de projets organisationnels<\/p>\n<div id=\"attachment_5178\" style=\"width: 310px\" class=\"wp-caption alignleft\"><a href=\"http:\/\/santemc.quebec\/santemc\/icentre\/wp-content\/uploads\/2017\/07\/Soinspalliatifs1-1.jpg\"><img aria-describedby=\"caption-attachment-5178\" decoding=\"async\" loading=\"lazy\" class=\"size-medium wp-image-5178\" src=\"http:\/\/santemc.quebec\/santemc\/icentre\/wp-content\/uploads\/2017\/07\/Soinspalliatifs1-1-300x225.jpg\" alt=\"\" width=\"300\" height=\"225\" srcset=\"https:\/\/santemc.quebec\/santemc\/icentre\/wp-content\/uploads\/2017\/07\/Soinspalliatifs1-1-300x225.jpg 300w, https:\/\/santemc.quebec\/santemc\/icentre\/wp-content\/uploads\/2017\/07\/Soinspalliatifs1-1-768x576.jpg 768w, https:\/\/santemc.quebec\/santemc\/icentre\/wp-content\/uploads\/2017\/07\/Soinspalliatifs1-1-1024x768.jpg 1024w, https:\/\/santemc.quebec\/santemc\/icentre\/wp-content\/uploads\/2017\/07\/Soinspalliatifs1-1-400x300.jpg 400w, https:\/\/santemc.quebec\/santemc\/icentre\/wp-content\/uploads\/2017\/07\/Soinspalliatifs1-1.jpg 2016w\" sizes=\"(max-width: 300px) 100vw, 300px\" \/><\/a><p id=\"caption-attachment-5178\" class=\"wp-caption-text\">Le corridor de l\u2019unit\u00e9<\/p><\/div>\n<div id=\"attachment_5177\" style=\"width: 310px\" class=\"wp-caption alignright\"><a href=\"http:\/\/santemc.quebec\/santemc\/icentre\/wp-content\/uploads\/2017\/07\/Soinspalliatifs2-1.jpg\"><img aria-describedby=\"caption-attachment-5177\" decoding=\"async\" loading=\"lazy\" class=\"size-medium wp-image-5177\" src=\"http:\/\/santemc.quebec\/santemc\/icentre\/wp-content\/uploads\/2017\/07\/Soinspalliatifs2-1-300x225.jpg\" alt=\"\" width=\"300\" height=\"225\" srcset=\"https:\/\/santemc.quebec\/santemc\/icentre\/wp-content\/uploads\/2017\/07\/Soinspalliatifs2-1-300x225.jpg 300w, https:\/\/santemc.quebec\/santemc\/icentre\/wp-content\/uploads\/2017\/07\/Soinspalliatifs2-1-768x576.jpg 768w, https:\/\/santemc.quebec\/santemc\/icentre\/wp-content\/uploads\/2017\/07\/Soinspalliatifs2-1-1024x768.jpg 1024w, https:\/\/santemc.quebec\/santemc\/icentre\/wp-content\/uploads\/2017\/07\/Soinspalliatifs2-1-400x300.jpg 400w, https:\/\/santemc.quebec\/santemc\/icentre\/wp-content\/uploads\/2017\/07\/Soinspalliatifs2-1.jpg 2016w\" sizes=\"(max-width: 300px) 100vw, 300px\" \/><\/a><p id=\"caption-attachment-5177\" class=\"wp-caption-text\">Le salon des familles<\/p><\/div>\n<div id=\"attachment_5176\" style=\"width: 310px\" class=\"wp-caption alignleft\"><a href=\"http:\/\/santemc.quebec\/santemc\/icentre\/wp-content\/uploads\/2017\/07\/Soinspalliatifs3_VF.jpg\"><img aria-describedby=\"caption-attachment-5176\" decoding=\"async\" loading=\"lazy\" class=\"size-medium wp-image-5176\" src=\"http:\/\/santemc.quebec\/santemc\/icentre\/wp-content\/uploads\/2017\/07\/Soinspalliatifs3_VF-300x225.jpg\" alt=\"\" width=\"300\" height=\"225\" srcset=\"https:\/\/santemc.quebec\/santemc\/icentre\/wp-content\/uploads\/2017\/07\/Soinspalliatifs3_VF-300x225.jpg 300w, https:\/\/santemc.quebec\/santemc\/icentre\/wp-content\/uploads\/2017\/07\/Soinspalliatifs3_VF-768x576.jpg 768w, https:\/\/santemc.quebec\/santemc\/icentre\/wp-content\/uploads\/2017\/07\/Soinspalliatifs3_VF-1024x768.jpg 1024w, https:\/\/santemc.quebec\/santemc\/icentre\/wp-content\/uploads\/2017\/07\/Soinspalliatifs3_VF-400x300.jpg 400w, https:\/\/santemc.quebec\/santemc\/icentre\/wp-content\/uploads\/2017\/07\/Soinspalliatifs3_VF.jpg 2016w\" sizes=\"(max-width: 300px) 100vw, 300px\" \/><\/a><p id=\"caption-attachment-5176\" class=\"wp-caption-text\">Quelques membres de l\u2019\u00e9quipe m\u00e9dicale lors de la journ\u00e9e portes ouvertes de l\u2019unit\u00e9. De gauche \u00e0 droite : Lise Pouliot, pr\u00e9sidente-directrice g\u00e9n\u00e9rale adjointe et responsable du Bureau de projets organisationnels; M\u00e9lanie Ozoux, infirmi\u00e8re clinicienne; Dr Nicolas Legentil; Dre Catherine Martineau; Dr Antoine St-Germain et Annie-Claude Leboeuf, chef des soins palliatifs et UCDG.<\/p><\/div>\n<div id=\"attachment_5174\" style=\"width: 310px\" class=\"wp-caption alignright\"><a href=\"http:\/\/santemc.quebec\/santemc\/icentre\/wp-content\/uploads\/2017\/07\/Soinspalliatifs4.jpg\"><img aria-describedby=\"caption-attachment-5174\" decoding=\"async\" loading=\"lazy\" class=\"size-medium wp-image-5174\" src=\"http:\/\/santemc.quebec\/santemc\/icentre\/wp-content\/uploads\/2017\/07\/Soinspalliatifs4-300x146.jpg\" alt=\"\" width=\"300\" height=\"146\" srcset=\"https:\/\/santemc.quebec\/santemc\/icentre\/wp-content\/uploads\/2017\/07\/Soinspalliatifs4-300x146.jpg 300w, https:\/\/santemc.quebec\/santemc\/icentre\/wp-content\/uploads\/2017\/07\/Soinspalliatifs4-768x373.jpg 768w, https:\/\/santemc.quebec\/santemc\/icentre\/wp-content\/uploads\/2017\/07\/Soinspalliatifs4-1024x497.jpg 1024w, https:\/\/santemc.quebec\/santemc\/icentre\/wp-content\/uploads\/2017\/07\/Soinspalliatifs4-500x243.jpg 500w, https:\/\/santemc.quebec\/santemc\/icentre\/wp-content\/uploads\/2017\/07\/Soinspalliatifs4.jpg 1870w\" sizes=\"(max-width: 300px) 100vw, 300px\" \/><\/a><p id=\"caption-attachment-5174\" class=\"wp-caption-text\">Vue d\u2019ensemble d\u2019une des 14 chambres<\/p><\/div>\n","protected":false},"excerpt":{"rendered":"<p>L\u2019\u00e9quipe de gestion de projet est fi\u00e8re de vous annoncer que la nouvelle unit\u00e9 de soins palliatifs du CHSLD Champlain est maintenant pr\u00eate et accueillera ses premiers patients \u00e0 compter du 26 juillet prochain. Cette nouvelle unit\u00e9 de 14 chambres &hellip; <a href=\"https:\/\/santemc.quebec\/icentre\/ouverture-de-lunite-de-soins-palliatifs-du-chsld-champlain\/\">Continuer la lecture <span class=\"meta-nav\">&rarr;<\/span><\/a><\/p>\n","protected":false},"author":9,"featured_media":0,"comment_status":"open","ping_status":"closed","sticky":false,"template":"","format":"standard","meta":{"footnotes":""},"categories":[1],"tags":[],"_links":{"self":[{"href":"https:\/\/santemc.quebec\/icentre\/wp-json\/wp\/v2\/posts\/5171"}],"collection":[{"href":"https:\/\/santemc.quebec\/icentre\/wp-json\/wp\/v2\/posts"}],"about":[{"href":"https:\/\/santemc.quebec\/icentre\/wp-json\/wp\/v2\/types\/post"}],"author":[{"embeddable":true,"href":"https:\/\/santemc.quebec\/icentre\/wp-json\/wp\/v2\/users\/9"}],"replies":[{"embeddable":true,"href":"https:\/\/santemc.quebec\/icentre\/wp-json\/wp\/v2\/comments?post=5171"}],"version-history":[{"count":3,"href":"https:\/\/santemc.quebec\/icentre\/wp-json\/wp\/v2\/posts\/5171\/revisions"}],"predecessor-version":[{"id":5184,"href":"https:\/\/santemc.quebec\/icentre\/wp-json\/wp\/v2\/posts\/5171\/revisions\/5184"}],"wp:attachment":[{"href":"https:\/\/santemc.quebec\/icentre\/wp-json\/wp\/v2\/media?parent=5171"}],"wp:term":[{"taxonomy":"category","embeddable":true,"href":"https:\/\/santemc.quebec\/icentre\/wp-json\/wp\/v2\/categories?post=5171"},{"taxonomy":"post_tag","embeddable":true,"href":"https:\/\/santemc.quebec\/icentre\/wp-json\/wp\/v2\/tags?post=5171"}],"curies":[{"name":"wp","href":"https:\/\/api.w.org\/{rel}","templated":true}]}}