{"id":518,"date":"2015-07-07T15:10:35","date_gmt":"2015-07-07T19:10:35","guid":{"rendered":"http:\/\/santemc.quebec\/icentre\/?p=518"},"modified":"2015-07-07T15:43:40","modified_gmt":"2015-07-07T19:43:40","slug":"518","status":"publish","type":"post","link":"https:\/\/santemc.quebec\/icentre\/518\/","title":{"rendered":"Nomination du directeur adjoint des ressources informationnelles"},"content":{"rendered":"<p>C\u2019est avec plaisir que je vous annonce la nomination de M. Pierre Tremblay au poste de directeur adjoint des ressources informationnelles pour le CISSS de la Mont\u00e9r\u00e9gie-Centre. M. Tremblay poss\u00e8de une vaste exp\u00e9rience professionnelle de plus de 30 ans en informatique de gestion, dont 10 \u00e0 titre de cadre sup\u00e9rieur dans le milieu de la sant\u00e9 et des services sociaux. Il occupait, depuis 2014, le poste de directeur adjoint syst\u00e8mes d\u2019information \u2013 DRI Lanaudi\u00e8re, Laurentides, Laval \u00e0 l\u2019Agence de la sant\u00e9 et des services sociaux de Lanaudi\u00e8re. Auparavant, il a assum\u00e9 durant neuf ans les fonctions de directeur des ressources informationnelles au CSSS du Nord de Lanaudi\u00e8re. Il a \u00e9galement agi \u00e0 titre de conseiller, puis de directeur au sein de diff\u00e9rentes firmes de services-conseils en technologie de l\u2019information.<!--more-->D\u00e9tenteur d\u2019un baccalaur\u00e9at et d\u2019une ma\u00eetrise en administration des affaires (MBA), M. Tremblay est reconnu pour son leadership transformationnel, son c\u00f4t\u00e9 visionnaire et strat\u00e9gique ainsi que son approche ax\u00e9e sur le service client.<\/p>\n<p>Au cours de sa carri\u00e8re, il a conseill\u00e9 de nombreuses entreprises et organisations dans l\u2019implantation de solutions sur mesure permettant d\u2019am\u00e9liorer les processus tout en g\u00e9n\u00e9rant des \u00e9conomies. Ayant collabor\u00e9 \u00e0 plusieurs projets d\u2019envergure tels que le Dossier Sant\u00e9 Qu\u00e9bec (DSQ), le Dossier clinique informatis\u00e9 (DCI) et le regroupement des ressources informationnelles Lanaudi\u00e8re, Laurentides, Laval, il poss\u00e8de une solide expertise en planification et implantation de syst\u00e8mes d\u2019information.<\/p>\n<p><span style=\"font-size: medium;\">Nous sommes tr\u00e8s heureux qu\u2019il se joigne \u00e0 l\u2019\u00e9quipe de direction du CISSS de la Mont\u00e9r\u00e9gie-Centre et nous lui souhaitons la meilleure des chances dans l\u2019exercice de ses nouvelles fonctions, et tout le succ\u00e8s voulu dans la poursuite de sa carri\u00e8re. <\/span><\/p>\n<p>&nbsp;<\/p>\n","protected":false},"excerpt":{"rendered":"<p>C\u2019est avec plaisir que je vous annonce la nomination de M. Pierre Tremblay au poste de directeur adjoint des ressources informationnelles pour le CISSS de la Mont\u00e9r\u00e9gie-Centre. M. Tremblay poss\u00e8de une vaste exp\u00e9rience professionnelle de plus de 30 ans en &hellip; <a href=\"https:\/\/santemc.quebec\/icentre\/518\/\">Continuer la lecture <span class=\"meta-nav\">&rarr;<\/span><\/a><\/p>\n","protected":false},"author":1,"featured_media":0,"comment_status":"open","ping_status":"closed","sticky":false,"template":"","format":"standard","meta":{"footnotes":""},"categories":[2],"tags":[8],"_links":{"self":[{"href":"https:\/\/santemc.quebec\/icentre\/wp-json\/wp\/v2\/posts\/518"}],"collection":[{"href":"https:\/\/santemc.quebec\/icentre\/wp-json\/wp\/v2\/posts"}],"about":[{"href":"https:\/\/santemc.quebec\/icentre\/wp-json\/wp\/v2\/types\/post"}],"author":[{"embeddable":true,"href":"https:\/\/santemc.quebec\/icentre\/wp-json\/wp\/v2\/users\/1"}],"replies":[{"embeddable":true,"href":"https:\/\/santemc.quebec\/icentre\/wp-json\/wp\/v2\/comments?post=518"}],"version-history":[{"count":2,"href":"https:\/\/santemc.quebec\/icentre\/wp-json\/wp\/v2\/posts\/518\/revisions"}],"predecessor-version":[{"id":520,"href":"https:\/\/santemc.quebec\/icentre\/wp-json\/wp\/v2\/posts\/518\/revisions\/520"}],"wp:attachment":[{"href":"https:\/\/santemc.quebec\/icentre\/wp-json\/wp\/v2\/media?parent=518"}],"wp:term":[{"taxonomy":"category","embeddable":true,"href":"https:\/\/santemc.quebec\/icentre\/wp-json\/wp\/v2\/categories?post=518"},{"taxonomy":"post_tag","embeddable":true,"href":"https:\/\/santemc.quebec\/icentre\/wp-json\/wp\/v2\/tags?post=518"}],"curies":[{"name":"wp","href":"https:\/\/api.w.org\/{rel}","templated":true}]}}