{"id":5191,"date":"2017-07-28T16:29:45","date_gmt":"2017-07-28T20:29:45","guid":{"rendered":"http:\/\/santemc.quebec\/icentre\/?p=5191"},"modified":"2017-07-28T16:29:45","modified_gmt":"2017-07-28T20:29:45","slug":"une-terrasse-nommee-en-lhonneur-dun-resident","status":"publish","type":"post","link":"https:\/\/santemc.quebec\/icentre\/une-terrasse-nommee-en-lhonneur-dun-resident\/","title":{"rendered":"Une terrasse nomm\u00e9e en l\u2019honneur d\u2019un r\u00e9sident"},"content":{"rendered":"<div id=\"attachment_5192\" style=\"width: 310px\" class=\"wp-caption alignleft\"><a href=\"http:\/\/santemc.quebec\/santemc\/icentre\/wp-content\/uploads\/2017\/07\/IMG_0030.jpg\"><img aria-describedby=\"caption-attachment-5192\" decoding=\"async\" loading=\"lazy\" class=\"size-medium wp-image-5192\" src=\"http:\/\/santemc.quebec\/santemc\/icentre\/wp-content\/uploads\/2017\/07\/IMG_0030-300x225.jpg\" alt=\"\" width=\"300\" height=\"225\" srcset=\"https:\/\/santemc.quebec\/santemc\/icentre\/wp-content\/uploads\/2017\/07\/IMG_0030-300x225.jpg 300w, https:\/\/santemc.quebec\/santemc\/icentre\/wp-content\/uploads\/2017\/07\/IMG_0030-400x300.jpg 400w, https:\/\/santemc.quebec\/santemc\/icentre\/wp-content\/uploads\/2017\/07\/IMG_0030.jpg 640w\" sizes=\"(max-width: 300px) 100vw, 300px\" \/><\/a><p id=\"caption-attachment-5192\" class=\"wp-caption-text\">De gauche \u00e0 droite : Sandra Tremblay, fille de R\u00e9jean Tremblay; conjoint de Mme Tremblay; M\u00e9lissa Paradis-Lapointe, chef d\u2019unit\u00e9 en soins infirmiers, CHSLD Henriette-C\u00e9r\u00e9; fils de M. Tremblay; fille de M. Tremblay; Marie-H\u00e9l\u00e8ne Thabet, membre du comit\u00e9 des r\u00e9sidents; Louisette L\u00e9vesque, vice-pr\u00e9sidente du comit\u00e9 des r\u00e9sidents; Roger Duclos, pr\u00e9sident du comit\u00e9 des r\u00e9sidents. Absents de la photo : Michel Vaillancourt, membre du comit\u00e9 des r\u00e9sidents et Claire Colette, membre du comit\u00e9 des usagers.<\/p><\/div>\n<p>Depuis le 30 juin dernier, les r\u00e9sidents, leur famille et les visiteurs du Centre d\u2019h\u00e9bergement et de soins de longue dur\u00e9e (CHSLD) Henriette-C\u00e9r\u00e9 empruntent la <em>terrasse R\u00e9jean-Tremblay<\/em> pour acc\u00e9der \u00e0 l\u2019entr\u00e9e principale du centre. Fr\u00e9quent\u00e9 quotidiennement, cet espace a \u00e9t\u00e9 nomm\u00e9 ainsi en l\u2019honneur d\u2019un ancien r\u00e9sident.<\/p>\n<p><!--more--><\/p>\n<p>Le projet a vu le jour gr\u00e2ce \u00e0 l\u2019initiative d\u2019un autre r\u00e9sident, Patrick Vaillancourt, et du comit\u00e9 des r\u00e9sidents. Monsieur Vaillancourt souhaitait rendre hommage \u00e0 R\u00e9jean Tremblay, pr\u00e9sident du comit\u00e9 des r\u00e9sidents de 2010 \u00e0 2013. Son \u00e9coute et son ouverture ont fait une diff\u00e9rence dans le quotidien de nombreux r\u00e9sidents.<\/p>\n<p>Des membres de son entourage ont particip\u00e9 \u00e0 l\u2019inauguration de la terrasse avant, o\u00f9 une plaque comm\u00e9morative, financ\u00e9e par le comit\u00e9 des usagers, t\u00e9moigne de la reconnaissance des gens qui ont crois\u00e9 son chemin au CHSLD Henriette-C\u00e9r\u00e9.<\/p>\n<p>Monsieur Tremblay est d\u00e9c\u00e9d\u00e9 en d\u00e9cembre 2013. La terrasse perp\u00e9tuera assur\u00e9ment sa m\u00e9moire.<\/p>\n<p style=\"text-align: left;\"><a href=\"http:\/\/santemc.quebec\/santemc\/icentre\/wp-content\/uploads\/2017\/07\/terrasse.jpg\"><img decoding=\"async\" loading=\"lazy\" class=\"size-medium wp-image-5197 alignleft\" src=\"http:\/\/santemc.quebec\/santemc\/icentre\/wp-content\/uploads\/2017\/07\/terrasse-232x300.jpg\" alt=\"\" width=\"232\" height=\"300\" srcset=\"https:\/\/santemc.quebec\/santemc\/icentre\/wp-content\/uploads\/2017\/07\/terrasse-232x300.jpg 232w, https:\/\/santemc.quebec\/santemc\/icentre\/wp-content\/uploads\/2017\/07\/terrasse-768x994.jpg 768w, https:\/\/santemc.quebec\/santemc\/icentre\/wp-content\/uploads\/2017\/07\/terrasse-791x1024.jpg 791w\" sizes=\"(max-width: 232px) 100vw, 232px\" \/><\/a><\/p>\n<div id=\"attachment_5193\" style=\"width: 310px\" class=\"wp-caption alignright\"><a href=\"http:\/\/santemc.quebec\/santemc\/icentre\/wp-content\/uploads\/2017\/07\/IMG_0029.jpg\"><img aria-describedby=\"caption-attachment-5193\" decoding=\"async\" loading=\"lazy\" class=\"wp-image-5193 size-medium\" src=\"http:\/\/santemc.quebec\/santemc\/icentre\/wp-content\/uploads\/2017\/07\/IMG_0029-300x200.jpg\" alt=\"\" width=\"300\" height=\"200\" srcset=\"https:\/\/santemc.quebec\/santemc\/icentre\/wp-content\/uploads\/2017\/07\/IMG_0029-300x200.jpg 300w, https:\/\/santemc.quebec\/santemc\/icentre\/wp-content\/uploads\/2017\/07\/IMG_0029-768x512.jpg 768w, https:\/\/santemc.quebec\/santemc\/icentre\/wp-content\/uploads\/2017\/07\/IMG_0029-1024x683.jpg 1024w, https:\/\/santemc.quebec\/santemc\/icentre\/wp-content\/uploads\/2017\/07\/IMG_0029-450x300.jpg 450w\" sizes=\"(max-width: 300px) 100vw, 300px\" \/><\/a><p id=\"caption-attachment-5193\" class=\"wp-caption-text\">Au centre de la photo, Patrick Vaillancourt, r\u00e9sident du CHSLD Henriette-C\u00e9r\u00e9 entour\u00e9 des membres de la famille de M. R\u00e9jean Tremblay.<\/p><\/div>\n","protected":false},"excerpt":{"rendered":"<p>Depuis le 30 juin dernier, les r\u00e9sidents, leur famille et les visiteurs du Centre d\u2019h\u00e9bergement et de soins de longue dur\u00e9e (CHSLD) Henriette-C\u00e9r\u00e9 empruntent la terrasse R\u00e9jean-Tremblay pour acc\u00e9der \u00e0 l\u2019entr\u00e9e principale du centre. Fr\u00e9quent\u00e9 quotidiennement, cet espace a \u00e9t\u00e9 &hellip; <a href=\"https:\/\/santemc.quebec\/icentre\/une-terrasse-nommee-en-lhonneur-dun-resident\/\">Continuer la lecture <span class=\"meta-nav\">&rarr;<\/span><\/a><\/p>\n","protected":false},"author":9,"featured_media":0,"comment_status":"open","ping_status":"closed","sticky":false,"template":"","format":"standard","meta":{"footnotes":""},"categories":[1],"tags":[],"_links":{"self":[{"href":"https:\/\/santemc.quebec\/icentre\/wp-json\/wp\/v2\/posts\/5191"}],"collection":[{"href":"https:\/\/santemc.quebec\/icentre\/wp-json\/wp\/v2\/posts"}],"about":[{"href":"https:\/\/santemc.quebec\/icentre\/wp-json\/wp\/v2\/types\/post"}],"author":[{"embeddable":true,"href":"https:\/\/santemc.quebec\/icentre\/wp-json\/wp\/v2\/users\/9"}],"replies":[{"embeddable":true,"href":"https:\/\/santemc.quebec\/icentre\/wp-json\/wp\/v2\/comments?post=5191"}],"version-history":[{"count":3,"href":"https:\/\/santemc.quebec\/icentre\/wp-json\/wp\/v2\/posts\/5191\/revisions"}],"predecessor-version":[{"id":5198,"href":"https:\/\/santemc.quebec\/icentre\/wp-json\/wp\/v2\/posts\/5191\/revisions\/5198"}],"wp:attachment":[{"href":"https:\/\/santemc.quebec\/icentre\/wp-json\/wp\/v2\/media?parent=5191"}],"wp:term":[{"taxonomy":"category","embeddable":true,"href":"https:\/\/santemc.quebec\/icentre\/wp-json\/wp\/v2\/categories?post=5191"},{"taxonomy":"post_tag","embeddable":true,"href":"https:\/\/santemc.quebec\/icentre\/wp-json\/wp\/v2\/tags?post=5191"}],"curies":[{"name":"wp","href":"https:\/\/api.w.org\/{rel}","templated":true}]}}