{"id":5205,"date":"2017-08-04T13:21:24","date_gmt":"2017-08-04T17:21:24","guid":{"rendered":"http:\/\/santemc.quebec\/icentre\/?p=5205"},"modified":"2017-08-04T16:04:49","modified_gmt":"2017-08-04T20:04:49","slug":"a-plusieurs-on-est-invincible-en-route-vers-le-defi-des-generations-contre-le-cancer-avec-mark-bedford","status":"publish","type":"post","link":"https:\/\/santemc.quebec\/icentre\/a-plusieurs-on-est-invincible-en-route-vers-le-defi-des-generations-contre-le-cancer-avec-mark-bedford\/","title":{"rendered":"\u00ab \u00c0 plusieurs, on est invincible! \u00bb &#8211; En route vers le D\u00e9fi des g\u00e9n\u00e9rations contre le cancer avec Mark Bedford"},"content":{"rendered":"<div id=\"attachment_5206\" style=\"width: 310px\" class=\"wp-caption alignleft\"><img aria-describedby=\"caption-attachment-5206\" decoding=\"async\" loading=\"lazy\" class=\"size-medium wp-image-5206\" src=\"http:\/\/santemc.quebec\/santemc\/icentre\/wp-content\/uploads\/2017\/08\/billet_7-300x222.jpg\" alt=\"\" width=\"300\" height=\"222\" srcset=\"https:\/\/santemc.quebec\/santemc\/icentre\/wp-content\/uploads\/2017\/08\/billet_7-300x222.jpg 300w, https:\/\/santemc.quebec\/santemc\/icentre\/wp-content\/uploads\/2017\/08\/billet_7-768x567.jpg 768w, https:\/\/santemc.quebec\/santemc\/icentre\/wp-content\/uploads\/2017\/08\/billet_7-1024x756.jpg 1024w, https:\/\/santemc.quebec\/santemc\/icentre\/wp-content\/uploads\/2017\/08\/billet_7-406x300.jpg 406w, https:\/\/santemc.quebec\/santemc\/icentre\/wp-content\/uploads\/2017\/08\/billet_7.jpg 1686w\" sizes=\"(max-width: 300px) 100vw, 300px\" \/><p id=\"caption-attachment-5206\" class=\"wp-caption-text\">La gang du 24h Sportif : des gens de c\u0153ur et de courage! Un bel exemple de mobilisation dont j\u2019ai \u00e9t\u00e9 t\u00e9moin durant cette difficile p\u00e9riode.<\/p><\/div>\n<p>J\u2019ai toujours \u00e9t\u00e9 un d\u2019un naturel tr\u00e8s positif. J\u2019essaie toujours de voir le bon c\u00f4t\u00e9 des choses et la leuc\u00e9mie n\u2019a pas chang\u00e9 cette fa\u00e7on d\u2019\u00eatre. Lorsque j\u2019\u00e9tais au plus mal, je me disais que je n\u2019avais pas le contr\u00f4le de ce qui se passait dans mon corps, mais que je pouvais contr\u00f4ler la fa\u00e7on dont je r\u00e9agissais face \u00e0 la maladie. Cette attitude m\u2019a certainement aid\u00e9, mais ce qui m\u2019a \u00e9galement aid\u00e9, c\u2019est la mobilisation qu\u2019il y a eu autour de moi!<!--more--><\/p>\n<p>Ma famille \u00e9videmment (et j\u2019aurais l\u2019occasion de vous en reparler!), mais aussi mes amis, mes voisins et mes coll\u00e8gues ont \u00e9t\u00e9 extraordinaires durant cette p\u00e9riode. Ma femme est d\u00e9j\u00e0 revenue du travail et a trouv\u00e9 un pot de sauce \u00e0 spag sur le pas de la porte, gentille attention d\u2019une voisine. Un jour que je me reposais \u00e0 la maison, j\u2019ai vu mon voisin Patrick passer devant la fen\u00eatre, grimp\u00e9 sur une \u00e9chelle, en train de nettoyer les goutti\u00e8res!<\/p>\n<p>Mes coll\u00e8gues de travail chez Aviva ont aussi \u00e9t\u00e9 extraordinaires durant toute cette p\u00e9riode. Ils m\u2019ont soutenu, ils m\u2019ont rendu visite et lorsque la temp\u00eate est pass\u00e9e, ma place \u00e9tait toujours l\u00e0 \u00e0 m\u2019attendre.<\/p>\n<p>Vous vous imaginez bien que ce fut la m\u00eame chose du c\u00f4t\u00e9 des pompiers! Lorsque j\u2019ai re\u00e7u mon diagnostic, ils organisaient d\u00e9j\u00e0 un \u00e9v\u00e9nement-b\u00e9n\u00e9fice, le 24h Sportif. Ils m\u2019ont alors demand\u00e9 de choisir la cause pour laquelle trois pompiers allaient courir durant 24h \u00e0 relais. J\u2019ai \u00e9videmment choisi la Fondation H\u00f4pital Charles-LeMoyne pour les patients atteints de cancer!<\/p>\n<p>Lors du 24h Sportif, qui s\u2019est d\u00e9roul\u00e9 en f\u00e9vrier 2015, j\u2019\u00e9tais \u00e0 peine sorti de mes traitements intensifs de chimio. Je n\u2019ai pas pu courir. Mais je vais me reprendre le 30 septembre prochain lors du D\u00e9fi des g\u00e9n\u00e9rations contre le cancer et j\u2019esp\u00e8re bien pouvoir courir avec les pompiers, les coll\u00e8gues d\u2019Aviva et tous mes voisins! Pour moi, \u00e7a sera ma fa\u00e7on de leur dire merci\u2026<\/p>\n<p>Mark<\/p>\n<p><a href=\"http:\/\/www.fhclm.ca\/blogue\/\" target=\"_blank\" rel=\"noopener noreferrer\">http:\/\/www.fhclm.ca\/blogue\/<\/a><\/p>\n<p><em>\u00a0<\/em><\/p>\n","protected":false},"excerpt":{"rendered":"<p>J\u2019ai toujours \u00e9t\u00e9 un d\u2019un naturel tr\u00e8s positif. J\u2019essaie toujours de voir le bon c\u00f4t\u00e9 des choses et la leuc\u00e9mie n\u2019a pas chang\u00e9 cette fa\u00e7on d\u2019\u00eatre. Lorsque j\u2019\u00e9tais au plus mal, je me disais que je n\u2019avais pas le contr\u00f4le &hellip; <a href=\"https:\/\/santemc.quebec\/icentre\/a-plusieurs-on-est-invincible-en-route-vers-le-defi-des-generations-contre-le-cancer-avec-mark-bedford\/\">Continuer la lecture <span class=\"meta-nav\">&rarr;<\/span><\/a><\/p>\n","protected":false},"author":1,"featured_media":0,"comment_status":"open","ping_status":"closed","sticky":false,"template":"","format":"standard","meta":{"footnotes":""},"categories":[1],"tags":[],"_links":{"self":[{"href":"https:\/\/santemc.quebec\/icentre\/wp-json\/wp\/v2\/posts\/5205"}],"collection":[{"href":"https:\/\/santemc.quebec\/icentre\/wp-json\/wp\/v2\/posts"}],"about":[{"href":"https:\/\/santemc.quebec\/icentre\/wp-json\/wp\/v2\/types\/post"}],"author":[{"embeddable":true,"href":"https:\/\/santemc.quebec\/icentre\/wp-json\/wp\/v2\/users\/1"}],"replies":[{"embeddable":true,"href":"https:\/\/santemc.quebec\/icentre\/wp-json\/wp\/v2\/comments?post=5205"}],"version-history":[{"count":3,"href":"https:\/\/santemc.quebec\/icentre\/wp-json\/wp\/v2\/posts\/5205\/revisions"}],"predecessor-version":[{"id":5209,"href":"https:\/\/santemc.quebec\/icentre\/wp-json\/wp\/v2\/posts\/5205\/revisions\/5209"}],"wp:attachment":[{"href":"https:\/\/santemc.quebec\/icentre\/wp-json\/wp\/v2\/media?parent=5205"}],"wp:term":[{"taxonomy":"category","embeddable":true,"href":"https:\/\/santemc.quebec\/icentre\/wp-json\/wp\/v2\/categories?post=5205"},{"taxonomy":"post_tag","embeddable":true,"href":"https:\/\/santemc.quebec\/icentre\/wp-json\/wp\/v2\/tags?post=5205"}],"curies":[{"name":"wp","href":"https:\/\/api.w.org\/{rel}","templated":true}]}}