{"id":5210,"date":"2017-08-07T15:16:22","date_gmt":"2017-08-07T19:16:22","guid":{"rendered":"http:\/\/santemc.quebec\/icentre\/?p=5210"},"modified":"2017-08-07T15:36:41","modified_gmt":"2017-08-07T19:36:41","slug":"info-travaux-no-2-3-juillet-2017-copy","status":"publish","type":"post","link":"https:\/\/santemc.quebec\/icentre\/info-travaux-no-2-3-juillet-2017-copy\/","title":{"rendered":"Info-travaux no 3 : 7 ao\u00fbt 2017"},"content":{"rendered":"<p><img decoding=\"async\" loading=\"lazy\" class=\"alignright wp-image-5085 size-full\" src=\"http:\/\/santemc.quebec\/santemc\/icentre\/wp-content\/uploads\/2017\/07\/banni\u00e8reInfotravaux.png\" alt=\"\" width=\"848\" height=\"258\" srcset=\"https:\/\/santemc.quebec\/santemc\/icentre\/wp-content\/uploads\/2017\/07\/banni\u00e8reInfotravaux.png 848w, https:\/\/santemc.quebec\/santemc\/icentre\/wp-content\/uploads\/2017\/07\/banni\u00e8reInfotravaux-300x91.png 300w, https:\/\/santemc.quebec\/santemc\/icentre\/wp-content\/uploads\/2017\/07\/banni\u00e8reInfotravaux-768x234.png 768w, https:\/\/santemc.quebec\/santemc\/icentre\/wp-content\/uploads\/2017\/07\/banni\u00e8reInfotravaux-500x152.png 500w\" sizes=\"(max-width: 848px) 100vw, 848px\" \/><\/p>\n<p>L\u2019info-travaux est un outil d\u2019information traitant de tout ce qui est en lien avec les diff\u00e9rents projets d\u2019am\u00e9lioration des environnements de soins et de services sur le territoire du CISSS de la Mont\u00e9r\u00e9gie-Centre. Destin\u00e9 \u00e0 tout le personnel et aux m\u00e9decins de l\u2019organisation, vous y trouverez aussi des informations qui pourraient avoir des impacts sur nos usagers.<\/p>\n<p><!--more--><\/p>\n<p><strong>Am\u00e9nagement de la salle de r\u00e9veil et de la chirurgie d\u2019un jour &#8211;\u00a0H\u00f4pital du Haut-Richelieu<br \/>\n<\/strong><strong><span style=\"color: #29b3c8;\">+ De nouveaux locaux pour la client\u00e8le et les \u00e9quipes de professionnels<\/span><\/strong><\/p>\n<p><a href=\"http:\/\/santemc.quebec\/santemc\/icentre\/wp-content\/uploads\/2017\/08\/Info-travaux_no31.bmp\"><img decoding=\"async\" loading=\"lazy\" class=\"wp-image-5213 alignright\" src=\"http:\/\/santemc.quebec\/santemc\/icentre\/wp-content\/uploads\/2017\/08\/Info-travaux_no31.bmp\" alt=\"\" width=\"575\" height=\"398\" \/><\/a>Le secteur 2e Nord de l\u2019H\u00f4pital du Haut-Richelieu a \u00e9t\u00e9 transform\u00e9 en vaste chantier depuis le mois de juin afin d\u2019y construire les nouveaux locaux de la chirurgie d\u2019un jour, de la salle de r\u00e9veil et du secteur administratif du bloc op\u00e9ratoire. Cette partie de l\u2019H\u00f4pital, qui abritait l\u2019unit\u00e9 des soins intensifs, l\u2019inhaloth\u00e9rapie et la pr\u00e9vention et le contr\u00f4le des infections, sera enti\u00e8rement m\u00e9tamorphos\u00e9e pour y accueillir :<\/p>\n<ul>\n<li>20 civi\u00e8res pour la chirurgie d\u2019un jour, dont 1 isol\u00e9e et 1 bariatrique;<\/li>\n<li>14 civi\u00e8res pour la salle de r\u00e9veil, dont 2 isol\u00e9es.<\/li>\n<\/ul>\n<p>Soulignons que ces deux secteurs seront situ\u00e9s \u00e0 deux pas du nouveau bloc op\u00e9ratoire.<\/p>\n<p>L\u2019entrepreneur pr\u00e9voit compl\u00e9ter le r\u00e9am\u00e9nagement du 2e Nord \u00e0 l\u2019hiver 2018.<\/p>\n<p>&nbsp;<\/p>\n<p><strong>Ouverture de la nouvelle aile d\u00e9di\u00e9e aux soins palliatifs \u25cf CHSLD Champlain<br \/>\n<\/strong><span style=\"color: #33cccc;\"><strong>+ 10 nouveaux lits de soins palliatifs dans le RLS de Champlain<\/strong><\/span><\/p>\n<p><a href=\"http:\/\/santemc.quebec\/santemc\/icentre\/wp-content\/uploads\/2017\/08\/Info-travaux_no34.bmp\"><img decoding=\"async\" loading=\"lazy\" class=\" wp-image-5216 alignright\" src=\"http:\/\/santemc.quebec\/santemc\/icentre\/wp-content\/uploads\/2017\/08\/Info-travaux_no34.bmp\" alt=\"\" width=\"351\" height=\"265\" \/><\/a><\/p>\n<p>La nouvelle unit\u00e9 de soins palliatifs du CHSLD Champlain situ\u00e9 \u00e0 Brossard a accueilli ses premiers patients au cours de la semaine du 24 juillet dernier. L\u2019ouverture de cette nouvelle aile a lieu \u00e0 peine trois mois apr\u00e8s le d\u00e9but des travaux de r\u00e9am\u00e9nagement d\u2019une partie de l\u2019aile E de l\u2019installation. Les travaux ont permis de rehausser l\u2019offre de services en soins palliatifs du RLS de Champlain en ajoutant 10 chambres d\u00e9di\u00e9es \u00e0 cette client\u00e8le aux 4 chambres d\u00e9j\u00e0 existantes dans le CHSLD.<\/p>\n<p>Les 14 chambres individuelles de l\u2019unit\u00e9 ont \u00e9t\u00e9 am\u00e9nag\u00e9es avec attention afin de procurer aux patients et \u00e0 leur famille un environnement adapt\u00e9 aux soins de fin de vie, apaisant et s\u00e9curitaire.<\/p>\n<p><img decoding=\"async\" loading=\"lazy\" class=\" wp-image-5215 alignright\" src=\"http:\/\/santemc.quebec\/santemc\/icentre\/wp-content\/uploads\/2017\/08\/Info-travaux_no33.bmp\" alt=\"\" width=\"350\" height=\"173\" \/>La r\u00e9alisation de cet important projet n\u2019aurait pu se concr\u00e9tiser sans l\u2019engagement et le travail soutenu des membres du comit\u00e9 de coordination de projet, constitu\u00e9 de repr\u00e9sentants de plusieurs directions :<\/p>\n<ul>\n<li>Direction des ressources financi\u00e8res;<\/li>\n<li>Direction des ressources humaines, des communications et des affaires juridiques;<\/li>\n<li>Direction r\u00e9gionale des ressources informationnelles;<\/li>\n<li>Direction des soins infirmiers;<\/li>\n<li><img decoding=\"async\" loading=\"lazy\" class=\" wp-image-5214 alignright\" src=\"http:\/\/santemc.quebec\/santemc\/icentre\/wp-content\/uploads\/2017\/08\/Info-travaux_no32.bmp\" alt=\"\" width=\"350\" height=\"264\" \/>Direction des services multidisciplinaires;<\/li>\n<li>Direction des services professionnels (d\u00e9partement de pharmacie);<\/li>\n<li>Direction des services techniques;<\/li>\n<li>Direction Logistique (approvisionnement);<\/li>\n<li>Direction soutien \u00e0 l\u2019autonomie des personnes \u00e2g\u00e9es;<\/li>\n<li>ainsi que les repr\u00e9sentantes des \u00e9quipes m\u00e9dicales, docteures Julie Gareauet Chantal M\u00e9na.<\/li>\n<\/ul>\n<p>De plus, la direction tient \u00e0 souligner l&rsquo;apport exceptionnel de madame Annie-Claude Leboeuf, chef de services des soins palliatifs et de l&rsquo;UCDG, qui a contribu\u00e9 par son engagement et son dynamisme au succ\u00e8s de ce projet.<\/p>\n<p>&nbsp;<\/p>\n<p><strong>L\u2019\u00e9quipe projet<br \/>\n<\/strong>Marie Jos\u00e9e Boutin, charg\u00e9e de projet \u2013 volet technique, RLS du HRR<br \/>\nJulie Bouvier, charg\u00e9e de projet \u2013 volet technique, RLS de Champlain<br \/>\nJulie Faucher, charg\u00e9e de projet \u2013 volet clinique, RLS de Champlain<br \/>\nAndr\u00e9e Legault, charg\u00e9e de projet \u2013 volet clinique, RLS du HRR<br \/>\nLise Pouliot, pr\u00e9sidente-directrice g\u00e9n\u00e9rale adjointe<\/p>\n<p><a href=\"http:\/\/santemc.quebec\/santemc\/icentre\/wp-content\/uploads\/2017\/08\/Info-travaux_no3_7aout2017.pdf\" target=\"_blank\" rel=\"noopener noreferrer\">Version PDF pour impression<\/a><\/p>\n<p>&nbsp;<\/p>\n","protected":false},"excerpt":{"rendered":"<p>L\u2019info-travaux est un outil d\u2019information traitant de tout ce qui est en lien avec les diff\u00e9rents projets d\u2019am\u00e9lioration des environnements de soins et de services sur le territoire du CISSS de la Mont\u00e9r\u00e9gie-Centre. Destin\u00e9 \u00e0 tout le personnel et aux &hellip; <a href=\"https:\/\/santemc.quebec\/icentre\/info-travaux-no-2-3-juillet-2017-copy\/\">Continuer la lecture <span class=\"meta-nav\">&rarr;<\/span><\/a><\/p>\n","protected":false},"author":9,"featured_media":0,"comment_status":"open","ping_status":"closed","sticky":false,"template":"","format":"standard","meta":{"footnotes":""},"categories":[1],"tags":[94],"_links":{"self":[{"href":"https:\/\/santemc.quebec\/icentre\/wp-json\/wp\/v2\/posts\/5210"}],"collection":[{"href":"https:\/\/santemc.quebec\/icentre\/wp-json\/wp\/v2\/posts"}],"about":[{"href":"https:\/\/santemc.quebec\/icentre\/wp-json\/wp\/v2\/types\/post"}],"author":[{"embeddable":true,"href":"https:\/\/santemc.quebec\/icentre\/wp-json\/wp\/v2\/users\/9"}],"replies":[{"embeddable":true,"href":"https:\/\/santemc.quebec\/icentre\/wp-json\/wp\/v2\/comments?post=5210"}],"version-history":[{"count":19,"href":"https:\/\/santemc.quebec\/icentre\/wp-json\/wp\/v2\/posts\/5210\/revisions"}],"predecessor-version":[{"id":5234,"href":"https:\/\/santemc.quebec\/icentre\/wp-json\/wp\/v2\/posts\/5210\/revisions\/5234"}],"wp:attachment":[{"href":"https:\/\/santemc.quebec\/icentre\/wp-json\/wp\/v2\/media?parent=5210"}],"wp:term":[{"taxonomy":"category","embeddable":true,"href":"https:\/\/santemc.quebec\/icentre\/wp-json\/wp\/v2\/categories?post=5210"},{"taxonomy":"post_tag","embeddable":true,"href":"https:\/\/santemc.quebec\/icentre\/wp-json\/wp\/v2\/tags?post=5210"}],"curies":[{"name":"wp","href":"https:\/\/api.w.org\/{rel}","templated":true}]}}