{"id":5240,"date":"2017-08-11T10:05:10","date_gmt":"2017-08-11T14:05:10","guid":{"rendered":"http:\/\/santemc.quebec\/icentre\/?p=5240"},"modified":"2017-08-11T10:05:10","modified_gmt":"2017-08-11T14:05:10","slug":"mark-bedford-sest-entoure-dune-equipe-de-professionnels-pour-realiser-son-defi-en-route-vers-le-defi-des-generations-contre-le-cancer-avec-mark-bedford","status":"publish","type":"post","link":"https:\/\/santemc.quebec\/icentre\/mark-bedford-sest-entoure-dune-equipe-de-professionnels-pour-realiser-son-defi-en-route-vers-le-defi-des-generations-contre-le-cancer-avec-mark-bedford\/","title":{"rendered":"Mark Bedford s\u2019est entour\u00e9 d\u2019une \u00e9quipe de professionnels pour r\u00e9aliser son d\u00e9fi  &#8211; En route vers le D\u00e9fi des g\u00e9n\u00e9rations contre le cancer avec Mark Bedford"},"content":{"rendered":"<p><strong><img decoding=\"async\" loading=\"lazy\" class=\"alignleft \" src=\"http:\/\/www.fhclm.ca\/wp-content\/uploads\/2017\/08\/Equipe_physio-600x450.jpg\" width=\"341\" height=\"257\" \/><\/strong><\/p>\n<p><strong>Mark Bedford sera sur la ligne de d\u00e9part du D\u00e9fi des g\u00e9n\u00e9rations contre le cancer le 30 septembre prochain. L\u2019ambassadeur de cet \u00e9v\u00e9nement b\u00e9n\u00e9fice au profit de la Fondation H\u00f4pital Charles-LeMoyne a bien l\u2019intention de franchir la ligne d\u2019arriv\u00e9e du 5 km. Une \u00e9quipe de professionnels l\u2019entoure d\u2019ailleurs depuis plusieurs mois pour r\u00e9aliser ce d\u00e9fi qui arrive \u00e0 grands pas.<\/strong><\/p>\n<p><!--more--><\/p>\n<p><em>Le Courrier du Sud<\/em> s\u2019est entretenu avec la\u00a0 kin\u00e9siologue et la massoth\u00e9rapeute de la Clinique de r\u00e9adaptation du Faubourg, \u00e0 Mont-Saint-Hilaire.<\/p>\n<p>Depuis les derniers mois, l\u2019\u00e9quipe de la clinique est derri\u00e8re Marc pour s\u2019assurer qu\u2019il arrive \u00e0 atteindre son objectif sans se blesser ou se surmener.<\/p>\n<p>\u00abMon r\u00f4le est d\u2019encadrer Mark dans ses entra\u00eenements afin qu\u2019il puisse atteindre ses objectifs, mais aussi de l\u2019encourager et de m\u2019assurer qu\u2019il travaille de mani\u00e8re progressive \u00bb, explique la kin\u00e9siologue Val\u00e9rie Blanchette.<\/p>\n<p>Val\u00e9rie et les autres professionnels de la clinique ont d\u00e9velopp\u00e9 un programme adapt\u00e9 pour Mark. M\u00eame s\u2019il est un homme plut\u00f4t actif &#8211; il travaillait notamment comme pompier \u00e0 Otterburn Park avant de recevoir son diagnostic -, son programme a \u00e9t\u00e9 ajust\u00e9 \u00e0 sa condition physique et son niveau d\u2019\u00e9nergie.<\/p>\n<p>\u00abC\u2019est un programme o\u00f9 nous travaillons beaucoup son endurance, sa force et sa flexibilit\u00e9. Ce programme est combin\u00e9 \u00e0 des exercices cardiovasculaires sur le tapis, du v\u00e9lo, des entra\u00eenements de courses \u00e0 l\u2019ext\u00e9rieur ou de la natation\u00bb, pr\u00e9cise la kin\u00e9siologue.<\/p>\n<p>&nbsp;<\/p>\n<p><strong>MOTIVATION ET COURAGE<\/strong><\/p>\n<p>En plus de travailler avec un kin\u00e9siologue, Mark peut compter sur l\u2019aide du physioth\u00e9rapeute Benoit Filiatrault et de la massoth\u00e9rapeute Marjolaine Beaudry.<\/p>\n<p>\u00abNous soulageons les douleurs physiques et les tensions musculaires, mais nous pouvons aussi agir sur l\u2019\u00e9tat \u00e9motionnel de Mark, notamment en r\u00e9duisant le stress et l\u2019anxi\u00e9t\u00e9, explique la massoth\u00e9rapeute. \u00c7a apporte une relaxation et une d\u00e9tente qui favorisent la r\u00e9cup\u00e9ration.\u00bb<\/p>\n<p>Comme tous ceux qui ont c\u00f4toy\u00e9 Mark avant, pendant et apr\u00e8s son combat contre une leuc\u00e9mie aigu\u00eb, les deux femmes avouent avoir rencontr\u00e9 une personne \u00abpositive, courageuse et toujours motiv\u00e9e\u00bb.<\/p>\n<p>\u00abIl est toujours pr\u00eat \u00e0 s\u2019investir et il veut toujours se donner \u00e0 fond, raconte Marjolaine. M\u00eame que parfois, nous devons le freiner puisqu\u2019il ne veut jamais se mettre de limite. Il apporte toujours la bonne humeur \u00e0 la clinique, et ce, malgr\u00e9 les emb\u00fbches qu\u2019il doit traverser.\u00bb<\/p>\n<p>&nbsp;<\/p>\n<p><strong>S\u2019IMPLIQUER DANS SA COMMUNAUT\u00c9<\/strong><\/p>\n<p>Les deux femmes seront d\u2019ailleurs aux c\u00f4t\u00e9s de l\u2019ambassadeur sur la ligne de d\u00e9part du D\u00e9fi des g\u00e9n\u00e9rations contre le cancer. Une mani\u00e8re d\u2019appuyer Mark et tous ceux qui sont touch\u00e9s de pr\u00e8s ou de loin par le cancer.<\/p>\n<p>\u00abNous connaissons tous des gens qui sont atteints de cancer, alors c\u2019est certain que c\u2019est une cause qui tient particuli\u00e8rement \u00e0 c\u0153ur \u00e0 la clinique, explique Val\u00e9rie. C\u2019est un engagement social qui permet de nous r\u00e9aliser en am\u00e9liorant la qualit\u00e9 de vie de Mark, mais aussi de tous ceux qui fr\u00e9quentent le Centre de canc\u00e9rologie de l\u2019H\u00f4pital Charles-Le Moyne.<\/p>\n<p><a href=\"http:\/\/www.fhclm.ca\/blogue\/\" target=\"_blank\" rel=\"noopener noreferrer\">http:\/\/www.fhclm.ca\/blogue\/<\/a><\/p>\n<p>&nbsp;<\/p>\n","protected":false},"excerpt":{"rendered":"<p>Mark Bedford sera sur la ligne de d\u00e9part du D\u00e9fi des g\u00e9n\u00e9rations contre le cancer le 30 septembre prochain. L\u2019ambassadeur de cet \u00e9v\u00e9nement b\u00e9n\u00e9fice au profit de la Fondation H\u00f4pital Charles-LeMoyne a bien l\u2019intention de franchir la ligne d\u2019arriv\u00e9e du &hellip; <a href=\"https:\/\/santemc.quebec\/icentre\/mark-bedford-sest-entoure-dune-equipe-de-professionnels-pour-realiser-son-defi-en-route-vers-le-defi-des-generations-contre-le-cancer-avec-mark-bedford\/\">Continuer la lecture <span class=\"meta-nav\">&rarr;<\/span><\/a><\/p>\n","protected":false},"author":1,"featured_media":0,"comment_status":"open","ping_status":"closed","sticky":false,"template":"","format":"standard","meta":{"footnotes":""},"categories":[1],"tags":[],"_links":{"self":[{"href":"https:\/\/santemc.quebec\/icentre\/wp-json\/wp\/v2\/posts\/5240"}],"collection":[{"href":"https:\/\/santemc.quebec\/icentre\/wp-json\/wp\/v2\/posts"}],"about":[{"href":"https:\/\/santemc.quebec\/icentre\/wp-json\/wp\/v2\/types\/post"}],"author":[{"embeddable":true,"href":"https:\/\/santemc.quebec\/icentre\/wp-json\/wp\/v2\/users\/1"}],"replies":[{"embeddable":true,"href":"https:\/\/santemc.quebec\/icentre\/wp-json\/wp\/v2\/comments?post=5240"}],"version-history":[{"count":3,"href":"https:\/\/santemc.quebec\/icentre\/wp-json\/wp\/v2\/posts\/5240\/revisions"}],"predecessor-version":[{"id":5243,"href":"https:\/\/santemc.quebec\/icentre\/wp-json\/wp\/v2\/posts\/5240\/revisions\/5243"}],"wp:attachment":[{"href":"https:\/\/santemc.quebec\/icentre\/wp-json\/wp\/v2\/media?parent=5240"}],"wp:term":[{"taxonomy":"category","embeddable":true,"href":"https:\/\/santemc.quebec\/icentre\/wp-json\/wp\/v2\/categories?post=5240"},{"taxonomy":"post_tag","embeddable":true,"href":"https:\/\/santemc.quebec\/icentre\/wp-json\/wp\/v2\/tags?post=5240"}],"curies":[{"name":"wp","href":"https:\/\/api.w.org\/{rel}","templated":true}]}}