{"id":5245,"date":"2017-08-11T09:54:29","date_gmt":"2017-08-11T13:54:29","guid":{"rendered":"http:\/\/santemc.quebec\/icentre\/?p=5245"},"modified":"2017-09-01T13:43:42","modified_gmt":"2017-09-01T17:43:42","slug":"les-dernieres-nominations-de-cadres-intermediaires-10-copy","status":"publish","type":"post","link":"https:\/\/santemc.quebec\/icentre\/les-dernieres-nominations-de-cadres-intermediaires-10-copy\/","title":{"rendered":"Les derni\u00e8res nominations de cadres interm\u00e9diaires"},"content":{"rendered":"<p>Voici les plus r\u00e9centes nominations :<br \/>\n<!--more--><\/p>\n<p><strong>Direction de sant\u00e9 publique<\/strong><\/p>\n<table style=\"width: 75%;\">\n<tbody>\n<tr>\n<td style=\"width: 70%;\">Chef de service maladies infectieuses, gestion des menaces\u00a0et sant\u00e9 environnementale<br \/>\n(Entr\u00e9e en fonction : 31 juillet\u00a02017)<\/td>\n<td style=\"width: 5%;\"><\/td>\n<td style=\"width: 25%;\">M. J\u00e9rome Latreille<\/td>\n<\/tr>\n<\/tbody>\n<\/table>\n<p>&nbsp;<\/p>\n<p><strong>Direction des\u00a0soins infirmiers<\/strong><\/p>\n<table style=\"width: 75%;\">\n<tbody>\n<tr>\n<td style=\"width: 70%;\">Chef d&rsquo;unit\u00e9 de m\u00e9decine et de chirurgie (6e nord et 7e Nord)<br \/>\n(H\u00f4pital du Haut-Richelieu)<br \/>\n(Entr\u00e9e en fonction :\u00a010 uillet 2017)<\/td>\n<td style=\"width: 5%;\"><\/td>\n<td style=\"width: 25%;\">Mme Maude Chabot<\/td>\n<\/tr>\n<tr>\n<td style=\"width: 70%;\">Coordonnateur d\u2019activit\u00e9s en soins infirmiers<br \/>\n(H\u00f4pital Charles-Le Moyne)<br \/>\n(Entr\u00e9e en fonction :\u00a010 uillet 2017)<\/td>\n<td style=\"width: 5%;\"><\/td>\n<td style=\"width: 25%;\">M. Jean-Fran\u00e7ois Perron<\/td>\n<\/tr>\n<\/tbody>\n<\/table>\n<p>&nbsp;<\/p>\n<p><strong>Direction des services professionnels<\/strong><\/p>\n<table style=\"width: 75%;\">\n<tbody>\n<tr>\n<td style=\"width: 70%;\">Chef de service GMF-UMF &#8211; St-Hubert<br \/>\n(Entr\u00e9e en fonction : 28 ao\u00fbt 2017)<\/td>\n<td style=\"width: 5%;\"><\/td>\n<td style=\"width: 25%;\">Mme Eve Pilette<\/td>\n<\/tr>\n<tr>\n<td style=\"width: 70%;\">Chef de service GMF-UMF St-Jean\/Iberville<br \/>\n(Entr\u00e9e en fonction : 4 septembre 2017)<\/td>\n<td style=\"width: 5%;\"><\/td>\n<td style=\"width: 25%;\">Mme Audrey Langlais<\/td>\n<\/tr>\n<\/tbody>\n<\/table>\n<p>&nbsp;<\/p>\n<p><strong>Direction des Programmes Jeunesse<\/strong><\/p>\n<table style=\"width: 75%;\">\n<tbody>\n<tr>\n<td style=\"width: 70%;\">Chef de l\u2019unit\u00e9 de p\u00e9diatrie<br \/>\n(H\u00f4pital du Haut-Richelieu)<br \/>\n(Entr\u00e9e en fonction : 7 ao\u00fbt 2017)<\/td>\n<td style=\"width: 5%;\"><\/td>\n<td style=\"width: 25%;\">Mme Cristelle Brouillette<\/td>\n<\/tr>\n<\/tbody>\n<\/table>\n<p>&nbsp;<\/p>\n<p><strong>Direction du programme de soutien \u00e0 l\u2019autonomie des personnes \u00e2g\u00e9es<\/strong><\/p>\n<table style=\"width: 75%;\">\n<tbody>\n<tr>\n<td style=\"width: 70%;\">Chef d&rsquo;administration de programme soutien \u00e0 domicile<br \/>\n(CLSC Samuel-De-Champlain)<br \/>\n(Entr\u00e9e en fonction : 5 septembre 2017)<\/td>\n<td style=\"width: 5%;\"><\/td>\n<td style=\"width: 25%;\">Mme M\u00e9lissa Paradis-Lapointe<\/td>\n<\/tr>\n<\/tbody>\n<\/table>\n<p>&nbsp;<\/p>\n<p><strong>Direction des services techniques<\/strong><\/p>\n<table style=\"width: 75%;\">\n<tbody>\n<tr>\n<td style=\"width: 70%;\">Chef de service de la s\u00e9curit\u00e9 et des stationnements<br \/>\n(Entr\u00e9e en fonction\u00a0: 4 septembre 2017)<\/td>\n<td style=\"width: 5%;\"><\/td>\n<td style=\"width: 25%;\">M. Martin Dea<\/td>\n<\/tr>\n<tr>\n<td style=\"width: 70%;\">Chef des activit\u00e9s d\u2019alimentation<br \/>\n(H\u00f4pital du Haut-Richelieu)<br \/>\n(Entr\u00e9e en fonction : 11 septembre 2017)<\/td>\n<td style=\"width: 5%;\"><\/td>\n<td style=\"width: 25%;\">Mme Janick Lapierre<\/td>\n<\/tr>\n<\/tbody>\n<\/table>\n","protected":false},"excerpt":{"rendered":"<p>Voici les plus r\u00e9centes nominations :<\/p>\n","protected":false},"author":9,"featured_media":0,"comment_status":"open","ping_status":"closed","sticky":false,"template":"","format":"standard","meta":{"footnotes":""},"categories":[1],"tags":[8],"_links":{"self":[{"href":"https:\/\/santemc.quebec\/icentre\/wp-json\/wp\/v2\/posts\/5245"}],"collection":[{"href":"https:\/\/santemc.quebec\/icentre\/wp-json\/wp\/v2\/posts"}],"about":[{"href":"https:\/\/santemc.quebec\/icentre\/wp-json\/wp\/v2\/types\/post"}],"author":[{"embeddable":true,"href":"https:\/\/santemc.quebec\/icentre\/wp-json\/wp\/v2\/users\/9"}],"replies":[{"embeddable":true,"href":"https:\/\/santemc.quebec\/icentre\/wp-json\/wp\/v2\/comments?post=5245"}],"version-history":[{"count":9,"href":"https:\/\/santemc.quebec\/icentre\/wp-json\/wp\/v2\/posts\/5245\/revisions"}],"predecessor-version":[{"id":5336,"href":"https:\/\/santemc.quebec\/icentre\/wp-json\/wp\/v2\/posts\/5245\/revisions\/5336"}],"wp:attachment":[{"href":"https:\/\/santemc.quebec\/icentre\/wp-json\/wp\/v2\/media?parent=5245"}],"wp:term":[{"taxonomy":"category","embeddable":true,"href":"https:\/\/santemc.quebec\/icentre\/wp-json\/wp\/v2\/categories?post=5245"},{"taxonomy":"post_tag","embeddable":true,"href":"https:\/\/santemc.quebec\/icentre\/wp-json\/wp\/v2\/tags?post=5245"}],"curies":[{"name":"wp","href":"https:\/\/api.w.org\/{rel}","templated":true}]}}