{"id":5253,"date":"2017-08-14T13:38:09","date_gmt":"2017-08-14T17:38:09","guid":{"rendered":"http:\/\/santemc.quebec\/icentre\/?p=5253"},"modified":"2017-08-17T14:12:14","modified_gmt":"2017-08-17T18:12:14","slug":"performance-des-urgences-des-resultats-exceptionnels-grace-a-la-synergie-collective","status":"publish","type":"post","link":"https:\/\/santemc.quebec\/icentre\/performance-des-urgences-des-resultats-exceptionnels-grace-a-la-synergie-collective\/","title":{"rendered":"Performance des urgences : des r\u00e9sultats exceptionnels gr\u00e2ce \u00e0 la synergie collective"},"content":{"rendered":"<p>Les chiffres associ\u00e9s \u00e0 la performance de notre \u00e9tablissement en disent long sur les efforts consentis depuis des mois \u00e0 l\u2019am\u00e9lioration de la qualit\u00e9 des soins et des services. Les donn\u00e9es nous apprennent, entre autres, que nos deux urgences ne cessent de progresser avec des dur\u00e9es moyennes de s\u00e9jour (de nos patients sur civi\u00e8res) qui se rapprochent des objectifs fix\u00e9s par le MSSS.<!--more--><\/p>\n<p>Par exemple, \u00e0 l\u2019H\u00f4pital Charles-Le Moyne, la dur\u00e9e moyenne de s\u00e9jour \u00e0 la p\u00e9riode 4 se situe \u00e0 15,1 h, soit une diminution de 18,3 % par rapport \u00e0 la m\u00eame p\u00e9riode l\u2019an dernier.<\/p>\n<p>Du c\u00f4t\u00e9 de l\u2019H\u00f4pital du Haut-Richelieu, la dur\u00e9e moyenne de s\u00e9jour se maintient \u00e0 10,9 h depuis le d\u00e9but de l\u2019ann\u00e9e soit plus de 9 % <u>sous<\/u> la cible du MSSS! Un v\u00e9ritable succ\u00e8s dont le cr\u00e9dit revient \u00e0 l\u2019ensemble du personnel et des m\u00e9decins de l\u2019H\u00f4pital, mais aussi de la premi\u00e8re ligne, du soutien \u00e0 domicile, etc. La performance d\u2019une urgence est le reflet de la performance de l\u2019\u00e9tablissement de fa\u00e7on globale.<\/p>\n<p>Ces r\u00e9sultats exceptionnels se font au b\u00e9n\u00e9fice de la population qui voit son temps d\u2019attente pour certains soins et examens diminuer et qui profite d\u2019un meilleur acc\u00e8s \u00e0 nos services.<\/p>\n<p>Le comit\u00e9 de direction souhaite remercier l\u2019ensemble des employ\u00e9s pour les efforts livr\u00e9s depuis plusieurs mois. Votre professionnalisme et votre r\u00e9el d\u00e9sir d\u2019am\u00e9liorer nos soins et services nous permettent de r\u00e9aliser de grandes avanc\u00e9es, et ce, dans l\u2019int\u00e9r\u00eat de la client\u00e8le.<\/p>\n","protected":false},"excerpt":{"rendered":"<p>Les chiffres associ\u00e9s \u00e0 la performance de notre \u00e9tablissement en disent long sur les efforts consentis depuis des mois \u00e0 l\u2019am\u00e9lioration de la qualit\u00e9 des soins et des services. Les donn\u00e9es nous apprennent, entre autres, que nos deux urgences ne &hellip; <a href=\"https:\/\/santemc.quebec\/icentre\/performance-des-urgences-des-resultats-exceptionnels-grace-a-la-synergie-collective\/\">Continuer la lecture <span class=\"meta-nav\">&rarr;<\/span><\/a><\/p>\n","protected":false},"author":1,"featured_media":0,"comment_status":"open","ping_status":"closed","sticky":false,"template":"","format":"standard","meta":{"footnotes":""},"categories":[1],"tags":[],"_links":{"self":[{"href":"https:\/\/santemc.quebec\/icentre\/wp-json\/wp\/v2\/posts\/5253"}],"collection":[{"href":"https:\/\/santemc.quebec\/icentre\/wp-json\/wp\/v2\/posts"}],"about":[{"href":"https:\/\/santemc.quebec\/icentre\/wp-json\/wp\/v2\/types\/post"}],"author":[{"embeddable":true,"href":"https:\/\/santemc.quebec\/icentre\/wp-json\/wp\/v2\/users\/1"}],"replies":[{"embeddable":true,"href":"https:\/\/santemc.quebec\/icentre\/wp-json\/wp\/v2\/comments?post=5253"}],"version-history":[{"count":2,"href":"https:\/\/santemc.quebec\/icentre\/wp-json\/wp\/v2\/posts\/5253\/revisions"}],"predecessor-version":[{"id":5257,"href":"https:\/\/santemc.quebec\/icentre\/wp-json\/wp\/v2\/posts\/5253\/revisions\/5257"}],"wp:attachment":[{"href":"https:\/\/santemc.quebec\/icentre\/wp-json\/wp\/v2\/media?parent=5253"}],"wp:term":[{"taxonomy":"category","embeddable":true,"href":"https:\/\/santemc.quebec\/icentre\/wp-json\/wp\/v2\/categories?post=5253"},{"taxonomy":"post_tag","embeddable":true,"href":"https:\/\/santemc.quebec\/icentre\/wp-json\/wp\/v2\/tags?post=5253"}],"curies":[{"name":"wp","href":"https:\/\/api.w.org\/{rel}","templated":true}]}}