{"id":5260,"date":"2017-08-18T09:52:40","date_gmt":"2017-08-18T13:52:40","guid":{"rendered":"http:\/\/santemc.quebec\/icentre\/?p=5260"},"modified":"2017-08-18T09:52:40","modified_gmt":"2017-08-18T13:52:40","slug":"ce-nest-pas-ma-leucemie-en-route-vers-le-defi-des-generations-contre-le-cancer-avec-mark-bedford","status":"publish","type":"post","link":"https:\/\/santemc.quebec\/icentre\/ce-nest-pas-ma-leucemie-en-route-vers-le-defi-des-generations-contre-le-cancer-avec-mark-bedford\/","title":{"rendered":"\u00ab  Ce n\u2019est pas MA leuc\u00e9mie! \u00bb  &#8211; En route vers le D\u00e9fi des g\u00e9n\u00e9rations contre le cancer avec Mark Bedford"},"content":{"rendered":"<div style=\"width: 310px\" class=\"wp-caption alignleft\"><img decoding=\"async\" loading=\"lazy\" class=\"\" src=\"http:\/\/www.fhclm.ca\/wp-content\/uploads\/2017\/08\/Photo-Billet-8-765x1024.jpg\" width=\"300\" height=\"399\" \/><p class=\"wp-caption-text\">Ce n\u2019\u00e9tait pas MA leuc\u00e9mie. C\u2019\u00e9tait UNE leuc\u00e9mie et je me suis battu tr\u00e8s fort pour qu\u2019elle quitte mon corps!<\/p><\/div>\n<p>Je suis une personne du type \u00ab\u00a0vivre et laisser vivre\u00a0\u00bb. Je n\u2019essaie pas de changer les mentalit\u00e9s selon mes propres croyances, mais en donnant l\u2019exemple.<\/p>\n<p>Pourtant, \u00e0 travers mes chroniques, j\u2019aimerais tout de m\u00eame vous encourager \u00e0 faire deux choses\u00a0: vous inscrire au D\u00e9fi des g\u00e9n\u00e9rations contre le cancer (\u00e9videmment!) et porter une attention sp\u00e9ciale aux mots que vous utilisez lorsque vous parlez \u00e0 une personne malade.<!--more--><\/p>\n<p>Dans les jours qui ont suivi le diagnostic, j\u2019ai r\u00e9alis\u00e9 que dans leur discours, les gens me parlaient souvent de <em>ma<\/em> leuc\u00e9mie.\u00a0 Pourtant, ce n\u2019\u00e9tait pas <em>ma<\/em> leuc\u00e9mie. C\u2019\u00e9tait <em>une <\/em>leuc\u00e9mie. Elle n\u2019\u00e9tait pas la bienvenue dans mon corps et j\u2019allais me battre pour qu\u2019elle le quitte.<\/p>\n<p>J\u2019ai toujours pris soin de corriger les gens qui me disaient <em>ta <\/em>leuc\u00e9mie. J\u2019ai vu plusieurs visages s\u2019illuminer quand je leur faisais part de cette r\u00e9flexion.<\/p>\n<p>Je sais bien que personne n\u2019avait de mauvaises intentions. Pourtant, \u00e0 chaque fois, je sentais que je n\u2019\u00e9tais plus une personne\u00a0: on me mettait une \u00e9tiquette et je devenais un cas avec une maladie.<\/p>\n<p>Et maintenant, je suis gu\u00e9ri et je reste la personne que j\u2019ai \u00e9t\u00e9 avant et apr\u00e8s les traitements contre le cancer, mais je consid\u00e8re les gens malades d\u2019une autre fa\u00e7on.<\/p>\n<p>Donc, apr\u00e8s vous \u00eatre inscrits au D\u00e9fi des g\u00e9n\u00e9rations contre le cancer (!), vous pourrez vous dire que jamais plus vous ne parlerez \u00e0 un patient, un ami ou un proche en lui disant <em>ta <\/em>maladie. J\u2019aurais donc remport\u00e9 une double victoire (triple \u2013 si on compte ma gu\u00e9rison!) \ud83d\ude09<\/p>\n<p>Mark<\/p>\n<p><a href=\"http:\/\/www.fhclm.ca\/blogue\/\">http:\/\/www.fhclm.ca\/blogue\/<\/a><\/p>\n","protected":false},"excerpt":{"rendered":"<p>Je suis une personne du type \u00ab\u00a0vivre et laisser vivre\u00a0\u00bb. Je n\u2019essaie pas de changer les mentalit\u00e9s selon mes propres croyances, mais en donnant l\u2019exemple. Pourtant, \u00e0 travers mes chroniques, j\u2019aimerais tout de m\u00eame vous encourager \u00e0 faire deux choses\u00a0: &hellip; <a href=\"https:\/\/santemc.quebec\/icentre\/ce-nest-pas-ma-leucemie-en-route-vers-le-defi-des-generations-contre-le-cancer-avec-mark-bedford\/\">Continuer la lecture <span class=\"meta-nav\">&rarr;<\/span><\/a><\/p>\n","protected":false},"author":1,"featured_media":0,"comment_status":"open","ping_status":"closed","sticky":false,"template":"","format":"standard","meta":{"footnotes":""},"categories":[1],"tags":[],"_links":{"self":[{"href":"https:\/\/santemc.quebec\/icentre\/wp-json\/wp\/v2\/posts\/5260"}],"collection":[{"href":"https:\/\/santemc.quebec\/icentre\/wp-json\/wp\/v2\/posts"}],"about":[{"href":"https:\/\/santemc.quebec\/icentre\/wp-json\/wp\/v2\/types\/post"}],"author":[{"embeddable":true,"href":"https:\/\/santemc.quebec\/icentre\/wp-json\/wp\/v2\/users\/1"}],"replies":[{"embeddable":true,"href":"https:\/\/santemc.quebec\/icentre\/wp-json\/wp\/v2\/comments?post=5260"}],"version-history":[{"count":1,"href":"https:\/\/santemc.quebec\/icentre\/wp-json\/wp\/v2\/posts\/5260\/revisions"}],"predecessor-version":[{"id":5261,"href":"https:\/\/santemc.quebec\/icentre\/wp-json\/wp\/v2\/posts\/5260\/revisions\/5261"}],"wp:attachment":[{"href":"https:\/\/santemc.quebec\/icentre\/wp-json\/wp\/v2\/media?parent=5260"}],"wp:term":[{"taxonomy":"category","embeddable":true,"href":"https:\/\/santemc.quebec\/icentre\/wp-json\/wp\/v2\/categories?post=5260"},{"taxonomy":"post_tag","embeddable":true,"href":"https:\/\/santemc.quebec\/icentre\/wp-json\/wp\/v2\/tags?post=5260"}],"curies":[{"name":"wp","href":"https:\/\/api.w.org\/{rel}","templated":true}]}}