{"id":5286,"date":"2017-08-25T10:09:44","date_gmt":"2017-08-25T14:09:44","guid":{"rendered":"http:\/\/santemc.quebec\/icentre\/?p=5286"},"modified":"2017-08-25T10:11:24","modified_gmt":"2017-08-25T14:11:24","slug":"le-defi-je-bouge-de-la-fondation-sante-du-haut-richelieu-est-a-la-recherche-de-benevoles","status":"publish","type":"post","link":"https:\/\/santemc.quebec\/icentre\/le-defi-je-bouge-de-la-fondation-sante-du-haut-richelieu-est-a-la-recherche-de-benevoles\/","title":{"rendered":"Le D\u00e9fi Je bouge de la Fondation Sant\u00e9 Haut-Richelieu\u2013Rouville est \u00e0 la recherche de b\u00e9n\u00e9voles"},"content":{"rendered":"<p><img decoding=\"async\" loading=\"lazy\" class=\"alignleft size-medium wp-image-5290\" src=\"http:\/\/santemc.quebec\/santemc\/icentre\/wp-content\/uploads\/2017\/08\/FRE7132-300x200.jpg\" alt=\"\" width=\"300\" height=\"200\" \/><\/p>\n<p>L\u2019\u00e9quipe du D\u00e9fi Je bouge de la Fondation Sant\u00e9 Haut-Richelieu\u2013Rouville est \u00e0 la recherche de b\u00e9n\u00e9voles pour assurer la signalisation des diff\u00e9rents parcours durant l\u2019avant-midi du samedi 9 septembre prochain.<\/p>\n<p>En offrant de votre temps, vous contribuez au succ\u00e8s de cette activit\u00e9 familiale et sportive. Cette ann\u00e9e, les profits du D\u00e9fi Je bouge permettront d\u2019acqu\u00e9rir un pl\u00e9thysmographe pour le diagnostic des maladies pulmonaires, ainsi que d\u2019am\u00e9nager la salle d\u2019activit\u00e9s \u00e0 l\u2019h\u00f4pital de jour de l\u2019unit\u00e9 de sant\u00e9 mentale, \u00e0 l\u2019H\u00f4pital du Haut-Richelieu.<!--more--><\/p>\n<p>Tous les b\u00e9n\u00e9voles recevront un chandail du D\u00e9fi Je bouge. Pour \u00eatre b\u00e9n\u00e9vole ou animer une partie du parcours, veuillez communiquer avec la responsable du D\u00e9fi Je bouge, Claudia H\u00e9roux, \u00e0 <a href=\"mailto:info@defijebouge.com\">info@defijebouge.com<\/a> ou au 450\u00a0359-5777.<\/p>\n<p><a href=\"http:\/\/santemc.quebec\/santemc\/icentre\/wp-content\/uploads\/2017\/08\/DJB-e1503603209263.jpg\"><img decoding=\"async\" loading=\"lazy\" class=\"alignleft size-medium wp-image-5291\" src=\"http:\/\/santemc.quebec\/santemc\/icentre\/wp-content\/uploads\/2017\/08\/DJB-300x200.jpg\" alt=\"\" width=\"300\" height=\"200\" \/><\/a><\/p>\n<p><strong>Vivez l\u2019exp\u00e9rience du D\u00e9fi Je bouge<\/strong><\/p>\n<p>Tous les employ\u00e9s sont invit\u00e9s \u00e0 cette grande f\u00eate au profit de l&rsquo;H\u00f4pital du Haut-Richelieu ou \u00e0 venir encourager les milliers de participants \u00e0 l\u2019une des dix \u00e9preuves de marche, de course ou de v\u00e9lo. C\u2019est un rendez-vous au parc Beaulieu de Saint-Jean-sur-Richelieu, au coin des rues Saint-Denis et Labr\u00e8che, de 7 h \u00e0 13 h. L\u2019acc\u00e8s au site est gratuit pour tous.<\/p>\n<p>Pour plus de d\u00e9tails sur l\u2019horaire de la journ\u00e9e et les diff\u00e9rentes \u00e9preuves, rendez-vous sur <u><a href=\"www.defijebouge.com\">www.defijebouge.com<\/a><\/u>. Toutes les \u00e9preuves se tiendront sur un parcours s\u00e9curitaire et ferm\u00e9 \u00e0 la circulation automobile aux abords de la rivi\u00e8re Richelieu (sauf pour les \u00e9preuves de v\u00e9lo de 50 km et 75 km).<\/p>\n<p>Les inscriptions en ligne sur <u><a href=\"http:\/\/www.defijebouge.com\">www.defijebouge.com<\/a><\/u> se terminent le dimanche 27 ao\u00fbt prochain, \u00e0 minuit.\u00a0Apr\u00e8s cette date, il sera possible de s&rsquo;inscrire sur le site, le matin du 9 septembre \u00e0 toutes les \u00e9preuves, sauf pour le v\u00e9lo 50 km et 75 km.<\/p>\n<p>&nbsp;<\/p>\n","protected":false},"excerpt":{"rendered":"<p>L\u2019\u00e9quipe du D\u00e9fi Je bouge de la Fondation Sant\u00e9 Haut-Richelieu\u2013Rouville est \u00e0 la recherche de b\u00e9n\u00e9voles pour assurer la signalisation des diff\u00e9rents parcours durant l\u2019avant-midi du samedi 9 septembre prochain. En offrant de votre temps, vous contribuez au succ\u00e8s de &hellip; <a href=\"https:\/\/santemc.quebec\/icentre\/le-defi-je-bouge-de-la-fondation-sante-du-haut-richelieu-est-a-la-recherche-de-benevoles\/\">Continuer la lecture <span class=\"meta-nav\">&rarr;<\/span><\/a><\/p>\n","protected":false},"author":1,"featured_media":0,"comment_status":"open","ping_status":"closed","sticky":false,"template":"","format":"standard","meta":{"footnotes":""},"categories":[1],"tags":[],"_links":{"self":[{"href":"https:\/\/santemc.quebec\/icentre\/wp-json\/wp\/v2\/posts\/5286"}],"collection":[{"href":"https:\/\/santemc.quebec\/icentre\/wp-json\/wp\/v2\/posts"}],"about":[{"href":"https:\/\/santemc.quebec\/icentre\/wp-json\/wp\/v2\/types\/post"}],"author":[{"embeddable":true,"href":"https:\/\/santemc.quebec\/icentre\/wp-json\/wp\/v2\/users\/1"}],"replies":[{"embeddable":true,"href":"https:\/\/santemc.quebec\/icentre\/wp-json\/wp\/v2\/comments?post=5286"}],"version-history":[{"count":6,"href":"https:\/\/santemc.quebec\/icentre\/wp-json\/wp\/v2\/posts\/5286\/revisions"}],"predecessor-version":[{"id":5295,"href":"https:\/\/santemc.quebec\/icentre\/wp-json\/wp\/v2\/posts\/5286\/revisions\/5295"}],"wp:attachment":[{"href":"https:\/\/santemc.quebec\/icentre\/wp-json\/wp\/v2\/media?parent=5286"}],"wp:term":[{"taxonomy":"category","embeddable":true,"href":"https:\/\/santemc.quebec\/icentre\/wp-json\/wp\/v2\/categories?post=5286"},{"taxonomy":"post_tag","embeddable":true,"href":"https:\/\/santemc.quebec\/icentre\/wp-json\/wp\/v2\/tags?post=5286"}],"curies":[{"name":"wp","href":"https:\/\/api.w.org\/{rel}","templated":true}]}}