{"id":5297,"date":"2017-08-25T15:46:19","date_gmt":"2017-08-25T19:46:19","guid":{"rendered":"http:\/\/santemc.quebec\/icentre\/?p=5297"},"modified":"2017-08-25T15:49:37","modified_gmt":"2017-08-25T19:49:37","slug":"une-premiere-quebecoise-a-linstitut-nazareth-et-louis-braille","status":"publish","type":"post","link":"https:\/\/santemc.quebec\/icentre\/une-premiere-quebecoise-a-linstitut-nazareth-et-louis-braille\/","title":{"rendered":"Une premi\u00e8re qu\u00e9b\u00e9coise \u00e0 l\u2019Institut Nazareth et Louis-Braille"},"content":{"rendered":"<p>L\u2019Institut Nazareth et Louis-Braille participait hier matin \u00e0 une conf\u00e9rence de presse \u00e0 l\u2019H\u00f4pital Maisonneuve-Rosemont pour souligner la contribution des deux \u00e9tablissements \u00e0 une grande premi\u00e8re qu\u00e9b\u00e9coise.<\/p>\n<p><!--more--><\/p>\n<p>Le Dr Flavio Rezende, ophtalmologiste chirurgien r\u00e9tinologue \u00e0 l\u2019H\u00f4pital Maisonneuve-Rosemont, a implant\u00e9 avec succ\u00e8s la proth\u00e8se r\u00e9tinienne Argus II \u00e0 Mme Sandra Cassell, une personne non voyante. L\u2019Institut Nazareth et Louis-Braille a offert les services de r\u00e9adaptation n\u00e9cessaires pour que l\u2019usag\u00e8re puisse tirer b\u00e9n\u00e9fice de la nouvelle perception visuelle et apprendre \u00e0 l&rsquo;interpr\u00e9ter.<\/p>\n<p>L\u2019Argus II est une cam\u00e9ra, mont\u00e9e sur des lunettes, qui transforme les images capt\u00e9es en impulsions \u00e9lectriques \u00e0 l\u2019aide d\u2019un petit ordinateur que le patient porte sur lui. Les impulsions sont ensuite transmises \u00e0 un implant install\u00e9 sur la r\u00e9tine de l\u2019\u0153il, ce qui stimule la perception de lumi\u00e8re au cerveau. Bien que la vision du patient ne soit pas claire, l\u2019implant peut am\u00e9liorer la capacit\u00e9 d\u2019une personne non voyante \u00e0 mener ses activit\u00e9s quotidiennes en lui permettant, par exemple, de reconna\u00eetre des formes ou de gros objets, de localiser des gens et suivre des lignes ou distinguer des contours.<\/p>\n<p>\u00ab J\u2019ai travaill\u00e9 tr\u00e8s fort, plusieurs heures par semaine pendant cinq mois avec deux intervenantes tr\u00e8s incroyables (Anick Ladouceur et Barbara Martin), a fait valoir Sandra Cassell. Elles m\u2019ont amen\u00e9e \u00e0 comprendre ce que je vois. Je suis capable de d\u00e9tecter o\u00f9 est mon b\u00e9b\u00e9, de voir la silhouette de mes enfants, de percevoir un passage pi\u00e9tonnier, de trier des v\u00eatements et d\u2019apercevoir les bordures de rue \u00bb, a-t-elle expliqu\u00e9.<\/p>\n<p>Le PDG du CISSS de la Mont\u00e9r\u00e9gie-Centre, Richard Deschamps, est tr\u00e8s fier de la participation de l\u2019INLB \u00e0 ce projet d\u2019envergure. Il a soulign\u00e9 le leadership de Sylvie Bilodeau, directrice du programme de d\u00e9ficience physique du CISSS et l\u2019entrepreneurship du PDG du CIUSSS-de-l\u2019Est-de-l\u2019\u00cele-de-Montr\u00e9al (dont fait partie l\u2019H\u00f4pital Maisonneuve-Rosemont), Yvan Gendron, qui ont rendu cette grande premi\u00e8re possible. \u00ab L\u2019INLB c\u2019est un joyau d\u2019expertise qui donne des services \u00e0 une grande proportion de la population atteinte d\u2019une d\u00e9ficience visuelle et qui offre des services sursp\u00e9cialis\u00e9s. Ce n\u2019est pas un hasard si on est associ\u00e9s \u00e0 ce projet-l\u00e0 \u00bb, a-t-il fait valoir.<\/p>\n<div id=\"attachment_5299\" style=\"width: 310px\" class=\"wp-caption alignleft\"><a href=\"http:\/\/santemc.quebec\/santemc\/icentre\/wp-content\/uploads\/2017\/08\/IMG_Richard-Deschamps-1.jpg\"><img aria-describedby=\"caption-attachment-5299\" decoding=\"async\" loading=\"lazy\" class=\"size-medium wp-image-5299\" src=\"http:\/\/santemc.quebec\/santemc\/icentre\/wp-content\/uploads\/2017\/08\/IMG_Richard-Deschamps-1-300x225.jpg\" alt=\"\" width=\"300\" height=\"225\" srcset=\"https:\/\/santemc.quebec\/santemc\/icentre\/wp-content\/uploads\/2017\/08\/IMG_Richard-Deschamps-1-300x225.jpg 300w, https:\/\/santemc.quebec\/santemc\/icentre\/wp-content\/uploads\/2017\/08\/IMG_Richard-Deschamps-1-768x576.jpg 768w, https:\/\/santemc.quebec\/santemc\/icentre\/wp-content\/uploads\/2017\/08\/IMG_Richard-Deschamps-1-1024x768.jpg 1024w, https:\/\/santemc.quebec\/santemc\/icentre\/wp-content\/uploads\/2017\/08\/IMG_Richard-Deschamps-1-400x300.jpg 400w\" sizes=\"(max-width: 300px) 100vw, 300px\" \/><\/a><p id=\"caption-attachment-5299\" class=\"wp-caption-text\">Le pr\u00e9sident-directeur g\u00e9n\u00e9ral du CISSS de la Mont\u00e9r\u00e9gie-Centre, Richard Deschamps.<\/p><\/div>\n<div id=\"attachment_5300\" style=\"width: 310px\" class=\"wp-caption alignright\"><a href=\"http:\/\/santemc.quebec\/santemc\/icentre\/wp-content\/uploads\/2017\/08\/IMG_\u00e9quipes.jpg\"><img aria-describedby=\"caption-attachment-5300\" decoding=\"async\" loading=\"lazy\" class=\"wp-image-5300 size-medium\" src=\"http:\/\/santemc.quebec\/santemc\/icentre\/wp-content\/uploads\/2017\/08\/IMG_\u00e9quipes-300x225.jpg\" alt=\"\" width=\"300\" height=\"225\" srcset=\"https:\/\/santemc.quebec\/santemc\/icentre\/wp-content\/uploads\/2017\/08\/IMG_\u00e9quipes-300x225.jpg 300w, https:\/\/santemc.quebec\/santemc\/icentre\/wp-content\/uploads\/2017\/08\/IMG_\u00e9quipes-768x576.jpg 768w, https:\/\/santemc.quebec\/santemc\/icentre\/wp-content\/uploads\/2017\/08\/IMG_\u00e9quipes-1024x768.jpg 1024w, https:\/\/santemc.quebec\/santemc\/icentre\/wp-content\/uploads\/2017\/08\/IMG_\u00e9quipes-400x300.jpg 400w\" sizes=\"(max-width: 300px) 100vw, 300px\" \/><\/a><p id=\"caption-attachment-5300\" class=\"wp-caption-text\">Des membres des \u00e9quipes de l\u2019H\u00f4pital Maisonneuve-Rosemont et de l\u2019Institut Nazareth et Louis-Braille qui ont contribu\u00e9 au succ\u00e8s de cette grande premi\u00e8re. De l\u2019INLB, Barbara Martin, sp\u00e9cialiste en orientation et mobilit\u00e9, Anick Ladouceur, sp\u00e9cialiste en r\u00e9adaptation en d\u00e9ficience visuelle, Genevi\u00e8ve Liz\u00e9, sp\u00e9cialiste en activit\u00e9s cliniques, Sandra Cassell, usag\u00e8re, et de l\u2019H\u00f4pital Maisonneuve-Rosemont Dr Flavio Rezende, ophtalmologiste chirurgien r\u00e9tinologue, Dre Cynthia Qian, ophtalmologiste et Aouatef Benlemmouden, assistante de Dr Rezende.<\/p><\/div>\n<p>&nbsp;<\/p>\n","protected":false},"excerpt":{"rendered":"<p>L\u2019Institut Nazareth et Louis-Braille participait hier matin \u00e0 une conf\u00e9rence de presse \u00e0 l\u2019H\u00f4pital Maisonneuve-Rosemont pour souligner la contribution des deux \u00e9tablissements \u00e0 une grande premi\u00e8re qu\u00e9b\u00e9coise.<\/p>\n","protected":false},"author":9,"featured_media":0,"comment_status":"open","ping_status":"closed","sticky":false,"template":"","format":"standard","meta":{"footnotes":""},"categories":[1],"tags":[],"_links":{"self":[{"href":"https:\/\/santemc.quebec\/icentre\/wp-json\/wp\/v2\/posts\/5297"}],"collection":[{"href":"https:\/\/santemc.quebec\/icentre\/wp-json\/wp\/v2\/posts"}],"about":[{"href":"https:\/\/santemc.quebec\/icentre\/wp-json\/wp\/v2\/types\/post"}],"author":[{"embeddable":true,"href":"https:\/\/santemc.quebec\/icentre\/wp-json\/wp\/v2\/users\/9"}],"replies":[{"embeddable":true,"href":"https:\/\/santemc.quebec\/icentre\/wp-json\/wp\/v2\/comments?post=5297"}],"version-history":[{"count":3,"href":"https:\/\/santemc.quebec\/icentre\/wp-json\/wp\/v2\/posts\/5297\/revisions"}],"predecessor-version":[{"id":5303,"href":"https:\/\/santemc.quebec\/icentre\/wp-json\/wp\/v2\/posts\/5297\/revisions\/5303"}],"wp:attachment":[{"href":"https:\/\/santemc.quebec\/icentre\/wp-json\/wp\/v2\/media?parent=5297"}],"wp:term":[{"taxonomy":"category","embeddable":true,"href":"https:\/\/santemc.quebec\/icentre\/wp-json\/wp\/v2\/categories?post=5297"},{"taxonomy":"post_tag","embeddable":true,"href":"https:\/\/santemc.quebec\/icentre\/wp-json\/wp\/v2\/tags?post=5297"}],"curies":[{"name":"wp","href":"https:\/\/api.w.org\/{rel}","templated":true}]}}