{"id":5310,"date":"2017-08-30T11:13:19","date_gmt":"2017-08-30T15:13:19","guid":{"rendered":"http:\/\/santemc.quebec\/icentre\/?p=5310"},"modified":"2017-08-30T11:36:17","modified_gmt":"2017-08-30T15:36:17","slug":"15-employes-du-cisss-deviennent-preposes-aux-beneficiaires","status":"publish","type":"post","link":"https:\/\/santemc.quebec\/icentre\/15-employes-du-cisss-deviennent-preposes-aux-beneficiaires\/","title":{"rendered":"15 employ\u00e9s du CISSS deviennent pr\u00e9pos\u00e9s aux b\u00e9n\u00e9ficiaires!"},"content":{"rendered":"<div id=\"attachment_5311\" style=\"width: 310px\" class=\"wp-caption alignleft\"><a href=\"http:\/\/santemc.quebec\/santemc\/icentre\/wp-content\/uploads\/2017\/08\/Grad240817-03H.jpg\"><img aria-describedby=\"caption-attachment-5311\" decoding=\"async\" loading=\"lazy\" class=\"size-medium wp-image-5311\" src=\"http:\/\/santemc.quebec\/santemc\/icentre\/wp-content\/uploads\/2017\/08\/Grad240817-03H-300x200.jpg\" alt=\"\" width=\"300\" height=\"200\" srcset=\"https:\/\/santemc.quebec\/santemc\/icentre\/wp-content\/uploads\/2017\/08\/Grad240817-03H-300x200.jpg 300w, https:\/\/santemc.quebec\/santemc\/icentre\/wp-content\/uploads\/2017\/08\/Grad240817-03H-768x512.jpg 768w, https:\/\/santemc.quebec\/santemc\/icentre\/wp-content\/uploads\/2017\/08\/Grad240817-03H-1024x683.jpg 1024w, https:\/\/santemc.quebec\/santemc\/icentre\/wp-content\/uploads\/2017\/08\/Grad240817-03H-450x300.jpg 450w\" sizes=\"(max-width: 300px) 100vw, 300px\" \/><\/a><p id=\"caption-attachment-5311\" class=\"wp-caption-text\">Photo (de gauche \u00e0 droite) : Lisette Plourde, Sylvie Leclaire, Micheline Deland, Lyne Laurence, Jos\u00e9e Franc, Amar Toure, \u00c9ric Couture, Christiane Provost, Myriam Lucia Gutierrez-Perdomo, Karine Boileau, V\u00e9ronique Dulude, Annie-Claude Masseau, Sylvain Lebeau, J\u00e9r\u00e9mie T\u00e9treault et Bruno Lefebvre.<\/p><\/div>\n<p>Depuis plusieurs ann\u00e9es, ils travaillaient au sein des installations de notre CISSS dans diff\u00e9rents secteurs d\u2019activit\u00e9. L\u2019hiver pass\u00e9, gr\u00e2ce \u00e0 un partenariat d\u00e9velopp\u00e9 entre la Commission scolaire des Hautes-Rivi\u00e8res (CSDHR) et notre organisation, ils ont fait le grand saut, soit celui de retourner aux \u00e9tudes \u00e0 temps complet pour devenir pr\u00e9pos\u00e9 aux b\u00e9n\u00e9ficiaires. Quelques mois plus tard, c\u2019est avec succ\u00e8s qu\u2019ils ont compl\u00e9t\u00e9 leur formation et travaillent maintenant dans les \u00e9quipes cliniques afin d\u2019exercer leur tout nouveau m\u00e9tier.<!--more--><\/p>\n<p>C\u2019est avec fiert\u00e9 que, dans le cadre d\u2019un \u00e9v\u00e9nement tenu au CHSLD Gertrude-Lafrance le 24 ao\u00fbt dernier, les 15 finissants de cette premi\u00e8re cohorte ont re\u00e7u un certificat de r\u00e9ussite de Maryse Poupart, Directrice des ressources humaines, des communications et des affaires juridiques ainsi que des repr\u00e9sentants de la CSDHR. Cette c\u00e9r\u00e9monie se voulait une occasion de souligner l\u2019engagement et les efforts soutenus de cette toute premi\u00e8re cohorte interne.<\/p>\n<p>Un retour aux \u00e9tudes est une d\u00e9cision qui demande beaucoup de courage et de d\u00e9termination. F\u00e9licitations \u00e0 ces 15 dipl\u00f4m\u00e9s et bonne chance dans leur nouvelle carri\u00e8re!<\/p>\n<ul>\n<li>Mme Karine Boileau<\/li>\n<li>Mme Sylvie Leclaire<\/li>\n<li>M \u00c9ric Couture<\/li>\n<li>M. Bruno Lefebvre<\/li>\n<li>Mme Micheline Deland<\/li>\n<li>Mme Annie-Claude Masseau<\/li>\n<li>Mme V\u00e9ronique Dulude<\/li>\n<li>Mme Lisette Plourde<\/li>\n<li>Mme Jos\u00e9e Franc<\/li>\n<li>Mme Christiane Provost<\/li>\n<li>Mme Myriam Lucia Gutierrez-Perdomo<\/li>\n<li>M. J\u00e9r\u00e9mie T\u00e9treault<\/li>\n<li>Mme Lyne Laurence<\/li>\n<li>M. Amar Toure<\/li>\n<li>M. Sylvain Lebeau<\/li>\n<\/ul>\n<p><strong>Vous \u00eates aussi int\u00e9ress\u00e9(e)s par ce programme de formation?<\/strong><\/p>\n<p>Devant l\u2019engouement suscit\u00e9 par ce programme propos\u00e9 l\u2019hiver dernier aux employ\u00e9s du RLS du Haut-Richelieu-Rouville, de nouvelles cohortes seront offertes \u00e0 l\u2019ensemble du CISSS pour l\u2019ann\u00e9e 2017-2018.<\/p>\n<p>Vous d\u00e9sirez savoir si vous vous qualifiez pour faire partie des nouvelles cohortes? Nous tenons plusieurs s\u00e9ances d\u2019information pour chaque RLS\u00a0:<\/p>\n<p><strong>RLS du Haut-Richelieu-Rouville<\/strong><\/p>\n<ul>\n<li><strong>Mercredi 30 ao\u00fbt, 16 h 30<br \/>\n<\/strong>CLSC de la Vall\u00e9e-des-Forts &#8211; salle 567<\/li>\n<li><strong>Vendredi 8 septembre, 9 h<br \/>\n<\/strong>CLSC de la Vall\u00e9e-des-Forts &#8211; salle 567<\/li>\n<\/ul>\n<p><strong>RLS de Champlain<\/strong><\/p>\n<ul>\n<li><strong>Vendredi 1<sup>er<\/sup> septembre, 12 h<br \/>\n<\/strong>H\u00f4pital Charles-Le Moyne \u2013 salle FO-0020<\/li>\n<li><strong>Jeudi 7 septembre, 12 h<br \/>\n<\/strong>H\u00f4pital Charles-Le Moyne \u2013 salle HS-044<\/li>\n<li><strong>Jeudi 7 septembre, 9 h<br \/>\n<\/strong>H\u00f4pital Charles-Le Moyne \u2013 salle HS-044<\/li>\n<\/ul>\n<p>&nbsp;<\/p>\n<p><strong>Pour toutes questions compl\u00e9mentaires\u00a0: 450\u00a0358-2578, poste 3448<\/strong><\/p>\n<p>&nbsp;<\/p>\n","protected":false},"excerpt":{"rendered":"<p>Depuis plusieurs ann\u00e9es, ils travaillaient au sein des installations de notre CISSS dans diff\u00e9rents secteurs d\u2019activit\u00e9. L\u2019hiver pass\u00e9, gr\u00e2ce \u00e0 un partenariat d\u00e9velopp\u00e9 entre la Commission scolaire des Hautes-Rivi\u00e8res (CSDHR) et notre organisation, ils ont fait le grand saut, soit &hellip; <a href=\"https:\/\/santemc.quebec\/icentre\/15-employes-du-cisss-deviennent-preposes-aux-beneficiaires\/\">Continuer la lecture <span class=\"meta-nav\">&rarr;<\/span><\/a><\/p>\n","protected":false},"author":1,"featured_media":0,"comment_status":"open","ping_status":"closed","sticky":false,"template":"","format":"standard","meta":{"footnotes":""},"categories":[1],"tags":[],"_links":{"self":[{"href":"https:\/\/santemc.quebec\/icentre\/wp-json\/wp\/v2\/posts\/5310"}],"collection":[{"href":"https:\/\/santemc.quebec\/icentre\/wp-json\/wp\/v2\/posts"}],"about":[{"href":"https:\/\/santemc.quebec\/icentre\/wp-json\/wp\/v2\/types\/post"}],"author":[{"embeddable":true,"href":"https:\/\/santemc.quebec\/icentre\/wp-json\/wp\/v2\/users\/1"}],"replies":[{"embeddable":true,"href":"https:\/\/santemc.quebec\/icentre\/wp-json\/wp\/v2\/comments?post=5310"}],"version-history":[{"count":3,"href":"https:\/\/santemc.quebec\/icentre\/wp-json\/wp\/v2\/posts\/5310\/revisions"}],"predecessor-version":[{"id":5314,"href":"https:\/\/santemc.quebec\/icentre\/wp-json\/wp\/v2\/posts\/5310\/revisions\/5314"}],"wp:attachment":[{"href":"https:\/\/santemc.quebec\/icentre\/wp-json\/wp\/v2\/media?parent=5310"}],"wp:term":[{"taxonomy":"category","embeddable":true,"href":"https:\/\/santemc.quebec\/icentre\/wp-json\/wp\/v2\/categories?post=5310"},{"taxonomy":"post_tag","embeddable":true,"href":"https:\/\/santemc.quebec\/icentre\/wp-json\/wp\/v2\/tags?post=5310"}],"curies":[{"name":"wp","href":"https:\/\/api.w.org\/{rel}","templated":true}]}}