{"id":5315,"date":"2017-08-30T09:29:07","date_gmt":"2017-08-30T13:29:07","guid":{"rendered":"http:\/\/santemc.quebec\/icentre\/?p=5315"},"modified":"2017-08-30T15:51:47","modified_gmt":"2017-08-30T19:51:47","slug":"la-fondation-en-vue-de-linstitut-nazareth-et-louis-braille-reconnait-et-souligne-le-travail-des-remarquables","status":"publish","type":"post","link":"https:\/\/santemc.quebec\/icentre\/la-fondation-en-vue-de-linstitut-nazareth-et-louis-braille-reconnait-et-souligne-le-travail-des-remarquables\/","title":{"rendered":"La Fondation En Vue de l\u2019Institut Nazareth et Louis-Braille reconna\u00eet et souligne le travail des REMARQUABLES"},"content":{"rendered":"<p><a href=\"http:\/\/santemc.quebec\/santemc\/icentre\/wp-content\/uploads\/2017\/08\/IMG_1748.jpg\"><img decoding=\"async\" loading=\"lazy\" class=\"alignleft size-medium wp-image-5317\" src=\"http:\/\/santemc.quebec\/santemc\/icentre\/wp-content\/uploads\/2017\/08\/IMG_1748-300x225.jpg\" alt=\"\" width=\"300\" height=\"225\" srcset=\"https:\/\/santemc.quebec\/santemc\/icentre\/wp-content\/uploads\/2017\/08\/IMG_1748-300x225.jpg 300w, https:\/\/santemc.quebec\/santemc\/icentre\/wp-content\/uploads\/2017\/08\/IMG_1748-768x576.jpg 768w, https:\/\/santemc.quebec\/santemc\/icentre\/wp-content\/uploads\/2017\/08\/IMG_1748-1024x768.jpg 1024w, https:\/\/santemc.quebec\/santemc\/icentre\/wp-content\/uploads\/2017\/08\/IMG_1748-400x300.jpg 400w\" sizes=\"(max-width: 300px) 100vw, 300px\" \/><\/a>C\u2019est en pr\u00e9sence du pr\u00e9sident-directeur g\u00e9n\u00e9ral du Centre int\u00e9gr\u00e9 de sant\u00e9 et de services sociaux Mont\u00e9r\u00e9gie-Centre, monsieur Richard Deschamps et le pr\u00e9sident de la Fondation En Vue de l\u2019Institut Nazareth et Louis-Braille monsieur Jean Reeves que s\u2019est d\u00e9roul\u00e9 la premi\u00e8re pr\u00e9sentation des <strong><em>Remarquables<\/em><\/strong>, programme lanc\u00e9 par la Fondation En Vue en mai dernier.<!--more--><\/p>\n<p>La marraine de la Fondation En Vue, madame Pauline Martin animait cette c\u00e9r\u00e9monie \u00e0 laquelle participait le personnel-cadre de l\u2019INLB et les r\u00e9cipiendaires.<\/p>\n<p>Trente-six (36) employ\u00e9s(es) de l\u2019Institut Nazareth et Louis-Braille ont re\u00e7u un t\u00e9moignage de leurs usagers, t\u00e9moignages d\u2019appr\u00e9ciation\u00a0 et de satisfaction que la Fondation En Vue souligne avec la remise de l\u2019\u00e9pinglette officielle des <strong><em>Remarquables<\/em><\/strong>.<\/p>\n<p><strong>Voici la liste des membres du personnel qui ont re\u00e7u cet insigne honneur\u00a0:<\/strong><\/p>\n<ul>\n<li>M\u00e9lissa Agnant Sp\u00e9cialiste en r\u00e9adaptation en d\u00e9ficience visuelle A\u00een\u00e9 Mont\u00e9r\u00e9gie-Est de Montr\u00e9al<\/li>\n<li>Isabelle Boisvert -Sp\u00e9cialiste en r\u00e9adaptation en d\u00e9ficience visuelle-Adulte<\/li>\n<li>Linda Forgue -Sp\u00e9cialiste en r\u00e9adaptation en d\u00e9ficience visuelle- A\u00een\u00e9 Mont\u00e9r\u00e9gie-Est de Montr\u00e9al<\/li>\n<li>Caroline Gervais -Sp\u00e9cialiste en activit\u00e9s cliniques Enfance-jeunesse<\/li>\n<li>Anick Ladouceur- Sp\u00e9cialiste en r\u00e9adaptation en d\u00e9ficience visuelle-Adulte<\/li>\n<li>Normand Lamoureux -Sp\u00e9cialiste en r\u00e9adaptation en d\u00e9ficience visuelle-A\u00een\u00e9 Mont\u00e9r\u00e9gie-Est de Montr\u00e9al<\/li>\n<li>Julie Savard -Technicienne en \u00e9ducation sp\u00e9cialis\u00e9e -A\u00een\u00e9 Mont\u00e9r\u00e9gie-Est de Montr\u00e9al<\/li>\n<li>Mathieu Carignan- Ergoth\u00e9rapeute -A\u00een\u00e9 Montr\u00e9al-Laval<\/li>\n<li>Marie Courchesne- Psychologue -A\u00een\u00e9 Montr\u00e9al-Laval<\/li>\n<li>Justine D\u2019Amours-Savoie- Sp\u00e9cialiste en r\u00e9adaptation en d\u00e9ficience visuelle -Adulte<\/li>\n<li>Joane Darveau- Optom\u00e9triste -Basse vision<\/li>\n<li>Isabelle Desch\u00eanes- Sp\u00e9cialiste en R\u00e9adaptation en D\u00e9ficience Visuelle -A\u00een\u00e9s Montr\u00e9al Laval<\/li>\n<li>Am\u00e9lie Desnoyers-Sp\u00e9cialiste en r\u00e9adaptation en d\u00e9ficience visuelle-A\u00een\u00e9 Mont\u00e9r\u00e9gie-Est de Montr\u00e9al<\/li>\n<li>Linda Drapeau- Sp\u00e9cialiste en r\u00e9adaptation en d\u00e9ficience visuelle -A\u00een\u00e9 Montr\u00e9al-Laval<\/li>\n<li>Audr\u00e9e Dubois-L\u00e9vesque- Sp\u00e9cialiste en r\u00e9adaptation en d\u00e9ficience visuelle -A\u00een\u00e9 Montr\u00e9al-Laval<\/li>\n<li>Roger Dufour- Optom\u00e9triste -Basse vision<\/li>\n<li>Michel Dussault- Travailleur social professionnel -Adulte<\/li>\n<li>Rachel Ferry- Travailleuse sociale professionnelle -A\u00een\u00e9 Montr\u00e9al-Laval<\/li>\n<li>Isabelle Frankland- Optom\u00e9triste -Basse vision<\/li>\n<li>Dani\u00e8le Jean- Optom\u00e9triste -Basse vision<\/li>\n<li>Chantal Joly- Technicienne en \u00e9ducation sp\u00e9cialis\u00e9e -A\u00een\u00e9 Montr\u00e9al-Laval<\/li>\n<li>Martin Juneau- Sp\u00e9cialiste en r\u00e9adaptation en d\u00e9ficience visuelle -A\u00een\u00e9 Montr\u00e9al-Laval<\/li>\n<li>Tania Kontakos- Sp\u00e9cialiste en r\u00e9adaptation en d\u00e9ficience visuelle -A\u00een\u00e9 Montr\u00e9al-Laval<\/li>\n<li>H\u00e9lo\u00efse L\u2019\u00c9cuyer-Rioux- Sp\u00e9cialiste en orientation et mobilit\u00e9 -A\u00een\u00e9 Montr\u00e9al-Laval<\/li>\n<li>Andr\u00e9e Anne Mailhot- Sp\u00e9cialiste en orientation et mobilit\u00e9 -Adulte<\/li>\n<li>Sandra Mallette- Sp\u00e9cialiste en r\u00e9adaptation en d\u00e9ficience visuelle -Adulte<\/li>\n<li>Vincent Moore- Optom\u00e9triste -Basse vision<\/li>\n<li>Val\u00e9rie Paquet- Technicienne en \u00e9ducation sp\u00e9cialis\u00e9e -A\u00een\u00e9 Mont\u00e9r\u00e9gie-Est de Montr\u00e9al<\/li>\n<li>Jessica Patenaude- Sp\u00e9cialiste en r\u00e9adaptation en d\u00e9ficience visuelle -A\u00een\u00e9 Mont\u00e9r\u00e9gie-Est de Montr\u00e9al<\/li>\n<li>Jos\u00e9e Pinsonnault- Travailleuse sociale professionnelle -A\u00een\u00e9 Mont\u00e9r\u00e9gie-Est de Montr\u00e9al<\/li>\n<li>Marie-Claude Poulin-Parent- Sp\u00e9cialiste en orientation et mobilit\u00e9 -A\u00een\u00e9 Montr\u00e9al-Laval<\/li>\n<li>Liliana Rabei- Sp\u00e9cialiste en r\u00e9adaptation en d\u00e9ficience visuelle -A\u00een\u00e9 Montr\u00e9al-Laval<\/li>\n<li>Fran\u00e7ois Riendeau- Sp\u00e9cialiste en r\u00e9adaptation en d\u00e9ficience visuelle -A\u00een\u00e9 Mont\u00e9r\u00e9gie-Est de Montr\u00e9al<\/li>\n<li>Maxine Sawyer- Sp\u00e9cialiste en r\u00e9adaptation en d\u00e9ficience visuelle -A\u00een\u00e9 Montr\u00e9al-Laval<\/li>\n<li>Sophie-Anne Simon- Technicienne en \u00e9ducation sp\u00e9cialis\u00e9e -A\u00een\u00e9 Montr\u00e9al-Laval<\/li>\n<li>Nathalie St-Laurent- Sp\u00e9cialiste en orientation et mobilit\u00e9 -A\u00een\u00e9 Mont\u00e9r\u00e9gie-Est de Montr\u00e9al<\/li>\n<\/ul>\n<p>Le programme <strong>Les <em>Remarquables<\/em><\/strong> a deux principaux objectifs\u00a0:<\/p>\n<ul>\n<li>Reconna\u00eetre des employ\u00e9s et sp\u00e9cialistes de l\u2019INLB qui se sont d\u00e9marqu\u00e9s aupr\u00e8s des usagers et leur t\u00e9moigner \u00e0 quel point leur travail est appr\u00e9ci\u00e9;<\/li>\n<li>Offrir aux usagers la possibilit\u00e9 de remercier directement un employ\u00e9 de l\u2019INLB par un t\u00e9moignage et par un don \u00e0 la Fondation En Vue en son honneur.<\/li>\n<\/ul>\n<p>Des intervenants et sp\u00e9cialistes qui se donnent \u00e0 fond dans leur travail et qui font une r\u00e9elle diff\u00e9rence dans la vie des personnes ayant une d\u00e9ficience visuelle, il y en a\u00a0 beaucoup \u00e0 l\u2019Institut Nazareth et Louis-Braille!<\/p>\n<p>Au cours des derni\u00e8res ann\u00e9es, la Fondation En Vue a permis de financer les projets suivants, entre autres\u00a0: salles et \u00e9quipements d\u2019optom\u00e9trie pour le service de basse vision, laboratoire d\u2019orientation et de mobilit\u00e9 pour la r\u00e9adaptation, salle Sensorium pour la r\u00e9adaptation des enfants, imprimante braille, imprimante 3D, programme Vision Carri\u00e8re (stage d\u2019exploration professionnelle pour adolescents et jeunes adultes, s\u00e9rie de livres en format duom\u00e9dias, trousses pour les nouveaux usagers (calendriers avec caract\u00e8res agrandis, guides signature, lampes de poche, etc.)<\/p>\n<p>Il est possible de soutenir l\u2019Institut Nazareth et Louis-Braille en faisant un don \u00e0 la Fondation En Vue au <a href=\"http:\/\/www.fondationenvue.org\">www.fondationenvue.org<\/a>.<\/p>\n","protected":false},"excerpt":{"rendered":"<p>C\u2019est en pr\u00e9sence du pr\u00e9sident-directeur g\u00e9n\u00e9ral du Centre int\u00e9gr\u00e9 de sant\u00e9 et de services sociaux Mont\u00e9r\u00e9gie-Centre, monsieur Richard Deschamps et le pr\u00e9sident de la Fondation En Vue de l\u2019Institut Nazareth et Louis-Braille monsieur Jean Reeves que s\u2019est d\u00e9roul\u00e9 la premi\u00e8re &hellip; <a href=\"https:\/\/santemc.quebec\/icentre\/la-fondation-en-vue-de-linstitut-nazareth-et-louis-braille-reconnait-et-souligne-le-travail-des-remarquables\/\">Continuer la lecture <span class=\"meta-nav\">&rarr;<\/span><\/a><\/p>\n","protected":false},"author":1,"featured_media":0,"comment_status":"open","ping_status":"closed","sticky":false,"template":"","format":"standard","meta":{"footnotes":""},"categories":[1],"tags":[],"_links":{"self":[{"href":"https:\/\/santemc.quebec\/icentre\/wp-json\/wp\/v2\/posts\/5315"}],"collection":[{"href":"https:\/\/santemc.quebec\/icentre\/wp-json\/wp\/v2\/posts"}],"about":[{"href":"https:\/\/santemc.quebec\/icentre\/wp-json\/wp\/v2\/types\/post"}],"author":[{"embeddable":true,"href":"https:\/\/santemc.quebec\/icentre\/wp-json\/wp\/v2\/users\/1"}],"replies":[{"embeddable":true,"href":"https:\/\/santemc.quebec\/icentre\/wp-json\/wp\/v2\/comments?post=5315"}],"version-history":[{"count":3,"href":"https:\/\/santemc.quebec\/icentre\/wp-json\/wp\/v2\/posts\/5315\/revisions"}],"predecessor-version":[{"id":5323,"href":"https:\/\/santemc.quebec\/icentre\/wp-json\/wp\/v2\/posts\/5315\/revisions\/5323"}],"wp:attachment":[{"href":"https:\/\/santemc.quebec\/icentre\/wp-json\/wp\/v2\/media?parent=5315"}],"wp:term":[{"taxonomy":"category","embeddable":true,"href":"https:\/\/santemc.quebec\/icentre\/wp-json\/wp\/v2\/categories?post=5315"},{"taxonomy":"post_tag","embeddable":true,"href":"https:\/\/santemc.quebec\/icentre\/wp-json\/wp\/v2\/tags?post=5315"}],"curies":[{"name":"wp","href":"https:\/\/api.w.org\/{rel}","templated":true}]}}