{"id":5319,"date":"2017-08-30T15:46:57","date_gmt":"2017-08-30T19:46:57","guid":{"rendered":"http:\/\/santemc.quebec\/icentre\/?p=5319"},"modified":"2017-08-30T16:17:58","modified_gmt":"2017-08-30T20:17:58","slug":"la-direction-de-sante-publique-de-la-monteregie-sur-facebook","status":"publish","type":"post","link":"https:\/\/santemc.quebec\/icentre\/la-direction-de-sante-publique-de-la-monteregie-sur-facebook\/","title":{"rendered":"La Direction de sant\u00e9 publique de la Mont\u00e9r\u00e9gie sur Facebook!"},"content":{"rendered":"<div id=\"fb-root\"><\/div>\n<p><script>(function(d, s, id) {\n  var js, fjs = d.getElementsByTagName(s)[0];\n  if (d.getElementById(id)) return;\n  js = d.createElement(s); js.id = id;\n  js.src = \"\/\/connect.facebook.net\/fr_CA\/sdk.js#xfbml=1&version=v2.10\";\n  fjs.parentNode.insertBefore(js, fjs);\n}(document, 'script', 'facebook-jssdk'));<\/script><\/p>\n<div id=\"fb-root\"><\/div>\n<p><script>(function(d, s, id) {\n  var js, fjs = d.getElementsByTagName(s)[0];\n  if (d.getElementById(id)) return;\n  js = d.createElement(s); js.id = id;\n  js.src = \"\/\/connect.facebook.net\/fr_CA\/sdk.js#xfbml=1&version=v2.10\";\n  fjs.parentNode.insertBefore(js, fjs);\n}(document, 'script', 'facebook-jssdk'));<\/script><\/p>\n<div id=\"attachment_5326\" style=\"width: 235px\" class=\"wp-caption alignleft\"><a href=\"http:\/\/santemc.quebec\/santemc\/icentre\/wp-content\/uploads\/2017\/08\/IMG_04799.jpg\"><img aria-describedby=\"caption-attachment-5326\" decoding=\"async\" loading=\"lazy\" class=\"wp-image-5326 size-medium\" src=\"http:\/\/santemc.quebec\/santemc\/icentre\/wp-content\/uploads\/2017\/08\/IMG_04799-225x300.jpg\" alt=\"\" width=\"225\" height=\"300\" srcset=\"https:\/\/santemc.quebec\/santemc\/icentre\/wp-content\/uploads\/2017\/08\/IMG_04799-225x300.jpg 225w, https:\/\/santemc.quebec\/santemc\/icentre\/wp-content\/uploads\/2017\/08\/IMG_04799-768x1024.jpg 768w\" sizes=\"(max-width: 225px) 100vw, 225px\" \/><\/a><p id=\"caption-attachment-5326\" class=\"wp-caption-text\">Photo de Dre Julie Loslier et de Dr David-Martin Milot prise lors du lancement de la page Facebook.<\/p><\/div>\n<p>La Direction de sant\u00e9 publique de la Mont\u00e9r\u00e9gie a maintenant sa propre page <a href=\"https:\/\/www.facebook.com\/DSPMonteregie\/\" target=\"_blank\" rel=\"noopener\">Facebook<\/a>! Suivez-la pour rester \u00e0 l\u2019aff\u00fbt des actualit\u00e9s et des bons coups de sant\u00e9 publique.<\/p>\n<p>Contribuez au succ\u00e8s de cette page Facebook en la visitant r\u00e9guli\u00e8rement, en l\u2019aimant et en la partageant avec vos coll\u00e8gues et amis mont\u00e9r\u00e9giens : <a href=\"https:\/\/www.facebook.com\/DSPMonteregie\/\" target=\"_blank\" rel=\"noopener\">https:\/\/www.facebook.com\/DSPMonteregie\/<\/a><!--more--><\/p>\n<div class=\"fb-like\" data-href=\"https:\/\/www.facebook.com\/DSPMonteregie\" data-layout=\"button\" data-action=\"like\" data-size=\"small\" data-show-faces=\"false\" data-share=\"false\"><\/div>\n<div class=\"fb-follow\" data-href=\"https:\/\/www.facebook.com\/DSPMonteregie\" data-layout=\"button\" data-size=\"small\" data-show-faces=\"false\"><\/div>\n<p>&nbsp;<\/p>\n<p>Merci et au plaisir de vous voir sur Facebook!<\/p>\n<p>Julie Loslier<\/p>\n","protected":false},"excerpt":{"rendered":"<p>La Direction de sant\u00e9 publique de la Mont\u00e9r\u00e9gie a maintenant sa propre page Facebook! Suivez-la pour rester \u00e0 l\u2019aff\u00fbt des actualit\u00e9s et des bons coups de sant\u00e9 publique. Contribuez au succ\u00e8s de cette page Facebook en la visitant r\u00e9guli\u00e8rement, en &hellip; <a href=\"https:\/\/santemc.quebec\/icentre\/la-direction-de-sante-publique-de-la-monteregie-sur-facebook\/\">Continuer la lecture <span class=\"meta-nav\">&rarr;<\/span><\/a><\/p>\n","protected":false},"author":1,"featured_media":0,"comment_status":"open","ping_status":"closed","sticky":false,"template":"","format":"standard","meta":{"footnotes":""},"categories":[1],"tags":[],"_links":{"self":[{"href":"https:\/\/santemc.quebec\/icentre\/wp-json\/wp\/v2\/posts\/5319"}],"collection":[{"href":"https:\/\/santemc.quebec\/icentre\/wp-json\/wp\/v2\/posts"}],"about":[{"href":"https:\/\/santemc.quebec\/icentre\/wp-json\/wp\/v2\/types\/post"}],"author":[{"embeddable":true,"href":"https:\/\/santemc.quebec\/icentre\/wp-json\/wp\/v2\/users\/1"}],"replies":[{"embeddable":true,"href":"https:\/\/santemc.quebec\/icentre\/wp-json\/wp\/v2\/comments?post=5319"}],"version-history":[{"count":8,"href":"https:\/\/santemc.quebec\/icentre\/wp-json\/wp\/v2\/posts\/5319\/revisions"}],"predecessor-version":[{"id":5331,"href":"https:\/\/santemc.quebec\/icentre\/wp-json\/wp\/v2\/posts\/5319\/revisions\/5331"}],"wp:attachment":[{"href":"https:\/\/santemc.quebec\/icentre\/wp-json\/wp\/v2\/media?parent=5319"}],"wp:term":[{"taxonomy":"category","embeddable":true,"href":"https:\/\/santemc.quebec\/icentre\/wp-json\/wp\/v2\/categories?post=5319"},{"taxonomy":"post_tag","embeddable":true,"href":"https:\/\/santemc.quebec\/icentre\/wp-json\/wp\/v2\/tags?post=5319"}],"curies":[{"name":"wp","href":"https:\/\/api.w.org\/{rel}","templated":true}]}}