{"id":532,"date":"2015-07-10T15:31:42","date_gmt":"2015-07-10T19:31:42","guid":{"rendered":"http:\/\/santemc.quebec\/icentre\/?p=532"},"modified":"2015-07-10T15:31:42","modified_gmt":"2015-07-10T19:31:42","slug":"nomination-de-la-directrice-adjointe-du-programme-soutien-a-lautonomie-des-personnes-agees-sapa","status":"publish","type":"post","link":"https:\/\/santemc.quebec\/icentre\/nomination-de-la-directrice-adjointe-du-programme-soutien-a-lautonomie-des-personnes-agees-sapa\/","title":{"rendered":"Nomination de la directrice adjointe du programme soutien \u00e0 l\u2019autonomie des personnes \u00e2g\u00e9es (SAPA)"},"content":{"rendered":"<p>C\u2019est avec plaisir que je vous annonce la nomination de madame Martine Gendron au poste de directrice adjointe du programme soutien \u00e0 l\u2019autonomie des personnes \u00e2g\u00e9es (SAPA) pour le CISSS de la Mont\u00e9r\u00e9gie-Centre. Sous la direction de Mme H\u00e9l\u00e8ne Duval, elle occupera ses fonctions en collaboration avec M. \u00c9tienne Veilleux. D\u00e9tentrice d\u2019un baccalaur\u00e9at en sciences infirmi\u00e8res et d\u2019une ma\u00eetrise en administration de la sant\u00e9, Mme Gendron poss\u00e8de une connaissance fine des enjeux cliniques du r\u00e9seau de la sant\u00e9 et des services sociaux.<!--more--><\/p>\n<p>Martine Gendron \u00e9volue dans le r\u00e9seau de la sant\u00e9 et des services sociaux depuis 28 ans, dont 25 ans \u00e0 titre de gestionnaire. Elle occupait, depuis 2005, le poste de directrice du Programme personnes h\u00e9berg\u00e9es au CSSS de la Haute-Yamaska. Auparavant, elle a assum\u00e9 diff\u00e9rents postes d\u2019encadrement en centre d\u2019h\u00e9bergement, en centre de r\u00e9adaptation ainsi qu\u2019en centres hospitaliers. D\u2019ailleurs, elle conna\u00eet tr\u00e8s bien l\u2019H\u00f4pital Charles-Le Moyne pour y avoir travaill\u00e9 pendant pr\u00e8s de 15 ans comme infirmi\u00e8re, puis comme coordonnatrice d\u2019activit\u00e9s.<\/p>\n<p>Reconnue pour ses qualit\u00e9s de leader, sa grande rigueur et son sens \u00e9thique \u00e9lev\u00e9, elle a acquis une exp\u00e9rience significative en transformation organisationnelle lors de la cr\u00e9ation du CSSS de la Haute-Yamaska. Loyale et d\u00e9vou\u00e9e, Mme Gendron a d\u00e9montr\u00e9 tout au long de son cheminement professionnel un r\u00e9el souci \u00e0 offrir des soins et des services de qualit\u00e9 \u00e0 la population.<\/p>\n<p>Nous sommes tr\u00e8s heureux qu\u2019elle se joigne \u00e0 l\u2019\u00e9quipe de direction du CISSS de la Mont\u00e9r\u00e9gie-Centre et nous lui souhaitons la meilleure des chances dans l\u2019exercice de ses nouvelles fonctions, et tout le succ\u00e8s voulu dans la poursuite de sa carri\u00e8re.<\/p>\n","protected":false},"excerpt":{"rendered":"<p>C\u2019est avec plaisir que je vous annonce la nomination de madame Martine Gendron au poste de directrice adjointe du programme soutien \u00e0 l\u2019autonomie des personnes \u00e2g\u00e9es (SAPA) pour le CISSS de la Mont\u00e9r\u00e9gie-Centre. Sous la direction de Mme H\u00e9l\u00e8ne Duval, &hellip; <a href=\"https:\/\/santemc.quebec\/icentre\/nomination-de-la-directrice-adjointe-du-programme-soutien-a-lautonomie-des-personnes-agees-sapa\/\">Continuer la lecture <span class=\"meta-nav\">&rarr;<\/span><\/a><\/p>\n","protected":false},"author":1,"featured_media":0,"comment_status":"open","ping_status":"closed","sticky":false,"template":"","format":"standard","meta":{"footnotes":""},"categories":[2],"tags":[8],"_links":{"self":[{"href":"https:\/\/santemc.quebec\/icentre\/wp-json\/wp\/v2\/posts\/532"}],"collection":[{"href":"https:\/\/santemc.quebec\/icentre\/wp-json\/wp\/v2\/posts"}],"about":[{"href":"https:\/\/santemc.quebec\/icentre\/wp-json\/wp\/v2\/types\/post"}],"author":[{"embeddable":true,"href":"https:\/\/santemc.quebec\/icentre\/wp-json\/wp\/v2\/users\/1"}],"replies":[{"embeddable":true,"href":"https:\/\/santemc.quebec\/icentre\/wp-json\/wp\/v2\/comments?post=532"}],"version-history":[{"count":1,"href":"https:\/\/santemc.quebec\/icentre\/wp-json\/wp\/v2\/posts\/532\/revisions"}],"predecessor-version":[{"id":533,"href":"https:\/\/santemc.quebec\/icentre\/wp-json\/wp\/v2\/posts\/532\/revisions\/533"}],"wp:attachment":[{"href":"https:\/\/santemc.quebec\/icentre\/wp-json\/wp\/v2\/media?parent=532"}],"wp:term":[{"taxonomy":"category","embeddable":true,"href":"https:\/\/santemc.quebec\/icentre\/wp-json\/wp\/v2\/categories?post=532"},{"taxonomy":"post_tag","embeddable":true,"href":"https:\/\/santemc.quebec\/icentre\/wp-json\/wp\/v2\/tags?post=532"}],"curies":[{"name":"wp","href":"https:\/\/api.w.org\/{rel}","templated":true}]}}