{"id":5332,"date":"2017-09-01T13:36:41","date_gmt":"2017-09-01T17:36:41","guid":{"rendered":"http:\/\/santemc.quebec\/icentre\/?p=5332"},"modified":"2017-09-01T13:38:09","modified_gmt":"2017-09-01T17:38:09","slug":"les-fameuses-blessures-en-route-vers-le-defi-des-generations-contre-le-cancer-avec-mark-bedford-copy","status":"publish","type":"post","link":"https:\/\/santemc.quebec\/icentre\/les-fameuses-blessures-en-route-vers-le-defi-des-generations-contre-le-cancer-avec-mark-bedford-copy\/","title":{"rendered":"\u00ab Ceci n\u2019est pas un simple casque \u00bb &#8211; En route vers le D\u00e9fi des g\u00e9n\u00e9rations contre le cancer avec Mark Bedford"},"content":{"rendered":"<p><img decoding=\"async\" loading=\"lazy\" class=\"alignleft\" src=\"http:\/\/www.fhclm.ca\/wp-content\/uploads\/2017\/08\/PHOTO-600x450.jpg\" width=\"389\" height=\"295\" \/>Lorsque l\u2019on est pompier, notre casque est un symbole de notre appartenance, de notre v\u00e9cu et il est une pi\u00e8ce essentielle pour notre s\u00e9curit\u00e9. Quand on doit le remplacer, c\u2019est assez \u00e9mouvant parce que \u00e7a nous rappelle que l\u2019on vient de passer une autre d\u00e9cennie au service de notre communaut\u00e9.<\/p>\n<p>En 2014, lorsqu\u2019est venu le temps de changer mon casque, j\u2019\u00e9tais en isolement \u00e0 l\u2019H\u00f4pital Charles-Le Moyne. J\u2019avais re\u00e7u mon diagnostic de leuc\u00e9mie seulement trois jours plus t\u00f4t. J\u2019\u00e9tais encore sous le choc et surtout, assez \u00e9prouv\u00e9 par les traitements de chimio qui venaient de commencer.<!--more--><\/p>\n<p>Mes coll\u00e8gues pompiers m\u2019ont alors fait une belle surprise\u00a0: ils sont venus me porter mon casque de lieutenant \u00e0 l\u2019H\u00f4pital. Je l\u2019ai accroch\u00e9 dans ma chambre durant toute mon hospitalisation. Lorsque j\u2019\u00e9tais au plus mal, je le regardais et il me rappelait tout ce que j\u2019avais v\u00e9cu avec mes confr\u00e8res et surtout, tout ce que j\u2019allais vivre encore avec eux lorsque je le porterais \u00e0 nouveau! J\u2019allais un jour recommencer \u00e0 servir la population et retrouver mes <em>boys<\/em> de la caserne d\u2019Otterburn Park.<\/p>\n<p>En plus, ce casque suscitait immanquablement des conversations\u00a0: <em>\u00ab\u00a0Ha! C\u2019est vous le pompier!\u00bb <\/em>ou encore<em>\u00a0 \u00ab\u00a0Vous \u00eates pompier? Vous avez combattu beaucoup de feux?\u00a0\u00bb.<\/em> C\u2019\u00e9tait une belle fa\u00e7on d\u2019entrer en contact avec les gens et de parler d\u2019autre chose que de sympt\u00f4mes, de traitements ou de maladie!<\/p>\n<p>En plus, on ne se le cachera pas, il y a toujours une aura de bravoure et de courage autour du titre de pompier\u2026 un peu comme lorsqu\u2019on combat une leuc\u00e9mie! \ud83d\ude09<\/p>\n<p>Mark<\/p>\n<p><a href=\"http:\/\/www.fhclm.ca\/blogue\/\">http:\/\/www.fhclm.ca\/blogue\/<\/a><\/p>\n","protected":false},"excerpt":{"rendered":"<p>Lorsque l\u2019on est pompier, notre casque est un symbole de notre appartenance, de notre v\u00e9cu et il est une pi\u00e8ce essentielle pour notre s\u00e9curit\u00e9. Quand on doit le remplacer, c\u2019est assez \u00e9mouvant parce que \u00e7a nous rappelle que l\u2019on vient &hellip; <a href=\"https:\/\/santemc.quebec\/icentre\/les-fameuses-blessures-en-route-vers-le-defi-des-generations-contre-le-cancer-avec-mark-bedford-copy\/\">Continuer la lecture <span class=\"meta-nav\">&rarr;<\/span><\/a><\/p>\n","protected":false},"author":1,"featured_media":0,"comment_status":"open","ping_status":"closed","sticky":false,"template":"","format":"standard","meta":{"footnotes":""},"categories":[1],"tags":[],"_links":{"self":[{"href":"https:\/\/santemc.quebec\/icentre\/wp-json\/wp\/v2\/posts\/5332"}],"collection":[{"href":"https:\/\/santemc.quebec\/icentre\/wp-json\/wp\/v2\/posts"}],"about":[{"href":"https:\/\/santemc.quebec\/icentre\/wp-json\/wp\/v2\/types\/post"}],"author":[{"embeddable":true,"href":"https:\/\/santemc.quebec\/icentre\/wp-json\/wp\/v2\/users\/1"}],"replies":[{"embeddable":true,"href":"https:\/\/santemc.quebec\/icentre\/wp-json\/wp\/v2\/comments?post=5332"}],"version-history":[{"count":2,"href":"https:\/\/santemc.quebec\/icentre\/wp-json\/wp\/v2\/posts\/5332\/revisions"}],"predecessor-version":[{"id":5334,"href":"https:\/\/santemc.quebec\/icentre\/wp-json\/wp\/v2\/posts\/5332\/revisions\/5334"}],"wp:attachment":[{"href":"https:\/\/santemc.quebec\/icentre\/wp-json\/wp\/v2\/media?parent=5332"}],"wp:term":[{"taxonomy":"category","embeddable":true,"href":"https:\/\/santemc.quebec\/icentre\/wp-json\/wp\/v2\/categories?post=5332"},{"taxonomy":"post_tag","embeddable":true,"href":"https:\/\/santemc.quebec\/icentre\/wp-json\/wp\/v2\/tags?post=5332"}],"curies":[{"name":"wp","href":"https:\/\/api.w.org\/{rel}","templated":true}]}}