{"id":5343,"date":"2017-09-06T11:24:57","date_gmt":"2017-09-06T15:24:57","guid":{"rendered":"http:\/\/santemc.quebec\/icentre\/?p=5343"},"modified":"2017-09-06T16:14:51","modified_gmt":"2017-09-06T20:14:51","slug":"une-campagne-pour-favoriser-les-deplacements-actifs-chez-les-jeunes-a-longueuil","status":"publish","type":"post","link":"https:\/\/santemc.quebec\/icentre\/une-campagne-pour-favoriser-les-deplacements-actifs-chez-les-jeunes-a-longueuil\/","title":{"rendered":"Une campagne pour favoriser les d\u00e9placements actifs chez les jeunes \u00e0 Longueuil!"},"content":{"rendered":"<div style=\"width: 409px\" class=\"wp-caption alignleft\"><a href=\"http:\/\/www.csmv.qc.ca\/wp-content\/uploads\/2017\/08\/p1010039.jpg\"><img decoding=\"async\" loading=\"lazy\" src=\"http:\/\/www.csmv.qc.ca\/wp-content\/uploads\/2017\/08\/p1010039.jpg\" alt=\"\" width=\"399\" height=\"270\" \/><\/a><p class=\"wp-caption-text\">Dre Julie Loslier, directrice de la Sant\u00e9 publique Mont\u00e9r\u00e9gie, Laurent-Michel Tremblay, parent et pr\u00e9sident de la fondation de l&rsquo;\u00e9cole, Monique Bastien, conseill\u00e8re municipale, Beno\u00eet Lagani\u00e8re, commissaire, Michel Gervais, vice-pr\u00e9sident du Conseil des commissaires, M\u00e9lanie Lacourse, directrice de l\u2019\u00e9cole Armand-Racicot et le capitaine Daniel C\u00f4t\u00e9 du SPAL, sont en compagnie d\u2019\u00c9milie Larocque, un des parents responsables du Trottibus de l\u2019\u00e9cole Armand-Racicot et de Camille et Florent, deux \u00e9l\u00e8ves marcheurs!<\/p><\/div>\n<p>La Ville de Longueuil, le Service de police de l\u2019agglom\u00e9ration de Longueuil, les Centres int\u00e9gr\u00e9s de sant\u00e9 et de services sociaux (CISSS) de la Mont\u00e9r\u00e9gie-Centre et de la Mont\u00e9r\u00e9gie-Est et la Commission scolaire Marie-Victorin ont profit\u00e9 de la rentr\u00e9e scolaire, le 31 ao\u00fbt \u00e0 l\u2019\u00e9cole Armand-Racicot, pour d\u00e9voiler une campagne de sensibilisation intitul\u00e9e \u00ab Marche, roule, bouge\u2026 vers l\u2019\u00e9cole \u00bb. Cette initiative du Regroupement en saines habitudes de vie de Longueuil (RSHVL) vise \u00e0 sensibiliser les jeunes, leurs parents et l\u2019ensemble de la population longueuilloise aux d\u00e9placements actifs et \u00e0 inciter les \u00e9l\u00e8ves \u00e0 se rendre \u00e0 l\u2019\u00e9cole \u00e0 pied ou \u00e0 v\u00e9lo en toute s\u00e9curit\u00e9. Pour l\u2019occasion, D<sup>re<\/sup> Julie Loslier, directrice de sant\u00e9 publique de la Mont\u00e9r\u00e9gie, repr\u00e9sentait les deux CISSS desservant la Ville de Longueuil.<!--more--><\/p>\n<p>Cette campagne s\u2019inscrit dans le cadre du programme \u00ab \u00c0 pied, \u00e0 v\u00e9lo, ville active \u00bb.Au cours des derniers mois, les partenaires se sont mobilis\u00e9s pour analyser l\u2019environnement d\u2019\u00e9coles primaires de Longueuil et formuler des recommandations visant, entre autres, la promotion des d\u00e9placements actifs. R\u00e9sultat : un d\u00e9pliant destin\u00e9 aux \u00e9l\u00e8ves et \u00e0 leurs parents a \u00e9t\u00e9 con\u00e7u pour chacune des vingt-deux \u00e9coles concern\u00e9es par le projet.<\/p>\n<p>Pr\u00e9sentant un plan du secteur de l\u2019\u00e9cole sur lequel sont notamment identifi\u00e9s les corridors scolaires, les pistes cyclables et les brigadiers, l\u2019enfant et ses parents peuvent choisir le meilleur trajet pour se rendre \u00e0 l\u2019\u00e9cole \u00e0 pied ou \u00e0 v\u00e9lo de fa\u00e7on s\u00e9curitaire.<\/p>\n<p>F\u00e9licitations pour cette belle initiative qui servira \u00e0 promouvoir de saines habitudes de vie chez les jeunes et leurs parents!<\/p>\n","protected":false},"excerpt":{"rendered":"<p>La Ville de Longueuil, le Service de police de l\u2019agglom\u00e9ration de Longueuil, les Centres int\u00e9gr\u00e9s de sant\u00e9 et de services sociaux (CISSS) de la Mont\u00e9r\u00e9gie-Centre et de la Mont\u00e9r\u00e9gie-Est et la Commission scolaire Marie-Victorin ont profit\u00e9 de la rentr\u00e9e scolaire, &hellip; <a href=\"https:\/\/santemc.quebec\/icentre\/une-campagne-pour-favoriser-les-deplacements-actifs-chez-les-jeunes-a-longueuil\/\">Continuer la lecture <span class=\"meta-nav\">&rarr;<\/span><\/a><\/p>\n","protected":false},"author":1,"featured_media":0,"comment_status":"open","ping_status":"closed","sticky":false,"template":"","format":"standard","meta":{"footnotes":""},"categories":[1],"tags":[],"_links":{"self":[{"href":"https:\/\/santemc.quebec\/icentre\/wp-json\/wp\/v2\/posts\/5343"}],"collection":[{"href":"https:\/\/santemc.quebec\/icentre\/wp-json\/wp\/v2\/posts"}],"about":[{"href":"https:\/\/santemc.quebec\/icentre\/wp-json\/wp\/v2\/types\/post"}],"author":[{"embeddable":true,"href":"https:\/\/santemc.quebec\/icentre\/wp-json\/wp\/v2\/users\/1"}],"replies":[{"embeddable":true,"href":"https:\/\/santemc.quebec\/icentre\/wp-json\/wp\/v2\/comments?post=5343"}],"version-history":[{"count":2,"href":"https:\/\/santemc.quebec\/icentre\/wp-json\/wp\/v2\/posts\/5343\/revisions"}],"predecessor-version":[{"id":5357,"href":"https:\/\/santemc.quebec\/icentre\/wp-json\/wp\/v2\/posts\/5343\/revisions\/5357"}],"wp:attachment":[{"href":"https:\/\/santemc.quebec\/icentre\/wp-json\/wp\/v2\/media?parent=5343"}],"wp:term":[{"taxonomy":"category","embeddable":true,"href":"https:\/\/santemc.quebec\/icentre\/wp-json\/wp\/v2\/categories?post=5343"},{"taxonomy":"post_tag","embeddable":true,"href":"https:\/\/santemc.quebec\/icentre\/wp-json\/wp\/v2\/tags?post=5343"}],"curies":[{"name":"wp","href":"https:\/\/api.w.org\/{rel}","templated":true}]}}