{"id":5345,"date":"2017-09-06T13:43:13","date_gmt":"2017-09-06T17:43:13","guid":{"rendered":"http:\/\/santemc.quebec\/icentre\/?p=5345"},"modified":"2017-09-06T13:44:13","modified_gmt":"2017-09-06T17:44:13","slug":"defi-je-bouge-un-exemple-de-determination","status":"publish","type":"post","link":"https:\/\/santemc.quebec\/icentre\/defi-je-bouge-un-exemple-de-determination\/","title":{"rendered":"D\u00e9fi Je bouge : un exemple de d\u00e9termination"},"content":{"rendered":"<div id=\"attachment_5347\" style=\"width: 376px\" class=\"wp-caption alignleft\"><a href=\"http:\/\/santemc.quebec\/santemc\/icentre\/wp-content\/uploads\/2017\/09\/Maika-DJB-e1504719715256.jpg\"><img aria-describedby=\"caption-attachment-5347\" decoding=\"async\" loading=\"lazy\" class=\"wp-image-5347\" src=\"http:\/\/santemc.quebec\/santemc\/icentre\/wp-content\/uploads\/2017\/09\/Maika-DJB-300x225.jpg\" alt=\"\" width=\"366\" height=\"278\" \/><\/a><p id=\"caption-attachment-5347\" class=\"wp-caption-text\">Carmen Lavoie, Ma\u00efka Gravel et Dr Fran\u00e7ois Lemieux, pr\u00eats pour le D\u00e9fi Je bouge.<\/p><\/div>\n<p>Il y a quelques semaines, le Dr Fran\u00e7ois Lemieux, neurologue \u00e0 l\u2019H\u00f4pital du Haut-Richelieu, a re\u00e7u une invitation tr\u00e8s sp\u00e9ciale de la part de sa patiente Ma\u00efka Gravel; participer avec sa m\u00e8re et elle \u00e0 la course du 10 km du <a href=\"https:\/\/www.defijebouge.com\/\" target=\"_blank\" rel=\"noopener\">D\u00e9fi Je bouge<\/a>, le 9 septembre prochain.<\/p>\n<p>Ma\u00efka, 27 ans, est atteinte d\u2019acidose lactique, une maladie caus\u00e9e par le mauvais fonctionnement de la cytochrome-c-oxydase. Cette enzyme produit l\u2019\u00e9nergie dont le corps a besoin pour bien fonctionner. C\u2019est lorsque sa petite s\u0153ur Kim est d\u00e9c\u00e9d\u00e9e \u00e0 l\u2019\u00e2ge de 2 ans et demi que la famille a appris que les deux s\u0153urs souffraient de la maladie d\u2019acidose lactique. C\u2019\u00e9tait en 1995 et Ma\u00efka \u00e9tait alors \u00e2g\u00e9e de cinq ans et demi.<!--more--><\/p>\n<p>Pr\u00e8s de 85 % des enfants atteints de cette maladie en d\u00e9c\u00e8dent avant l\u2019\u00e2ge de 5 ans. \u00c0 ce jour, quelques individus ont entre 20 et 30 ans. Pour Ma\u00efka, la maladie progresse plus rapidement depuis les deux derni\u00e8res ann\u00e9es, mais cette situation n\u2019enl\u00e8ve rien au sourire et \u00e0 la belle \u00e9nergie de la jeune femme.<\/p>\n<p>\u00abNous avons eu un bon contact avec Dr Lemieux. C\u2019est un excellent m\u00e9decin, qui est proche de ses patients. Si nous avons fait tout ce chemin, c\u2019est gr\u00e2ce \u00e0 cette belle \u00e9quipe m\u00e9dicale qui nous accompagne depuis le d\u00e9but. Sans eux, on ne serait peut-\u00eatre pas rendu l\u00e0. Ce sont de bons guides pour nous\u00bb, explique Carmen Lavoie, la m\u00e8re de Ma\u00efka.<\/p>\n<p>\u00abJe fais de la course et j\u2019\u00e9tais heureux de recevoir cette invitation de la part de Ma\u00efka et de la c\u00f4toyer dans un autre contexte\u00bb, explique Dr Lemieux, qui a profit\u00e9 de l\u2019occasion pour s\u2019inscrire au D\u00e9fi Je bouge en compagnie de ses parents, sa conjointe et leur b\u00e9b\u00e9 de 8 mois.<\/p>\n<p><strong>Du r\u00eave \u00e0 la r\u00e9alit\u00e9<\/strong><\/p>\n<p>La m\u00e8re de Ma\u00efka fait de la course depuis 7 ans et a r\u00e9alis\u00e9 son premier marathon l\u2019an dernier. Chaque course qu\u2019elle entreprend, elle le fait pour souligner la pers\u00e9v\u00e9rance et le courage de Ma\u00efka et pour honorer le m\u00e9moire de Kim, \u00able petit ange qui me prot\u00e8ge\u00bb.<\/p>\n<p>\u00abApr\u00e8s avoir compl\u00e9t\u00e9 mon premier demi-marathon, en 2012, j\u2019ai promis \u00e0 ma fille qu\u2019un jour, elle courrait avec moi\u00bb, explique-t-elle. Au fil des ans, la promesse de Carmen est devenue le grand r\u00eave de Ma\u00efka et c\u2019est cinq ans plus tard qu\u2019il se r\u00e9alise enfin.<\/p>\n<div id=\"attachment_5346\" style=\"width: 310px\" class=\"wp-caption alignleft\"><a href=\"http:\/\/santemc.quebec\/santemc\/icentre\/wp-content\/uploads\/2017\/09\/chaise-Maika-e1504719700518.jpg\"><img aria-describedby=\"caption-attachment-5346\" decoding=\"async\" loading=\"lazy\" class=\"size-medium wp-image-5346\" src=\"http:\/\/santemc.quebec\/santemc\/icentre\/wp-content\/uploads\/2017\/09\/chaise-Maika-300x201.jpg\" alt=\"\" width=\"300\" height=\"201\" \/><\/a><p id=\"caption-attachment-5346\" class=\"wp-caption-text\">Carmen Lavoie et Ma\u00efka Gravel, avec la chaise Kartus.<\/p><\/div>\n<p>Pour r\u00e9aliser son d\u00e9fi, Ma\u00efka sera confortablement assise dans une chaise Kartus, con\u00e7ue sp\u00e9cialement pour les personnes \u00e0 mobilit\u00e9 r\u00e9duite qui d\u00e9sirent vivre l&rsquo;exp\u00e9rience de la course \u00e0 pied. Pour compl\u00e9ter le 10 km, Dr Lemieux et Mme Lavoie se relayeront pour pousser la chaise de course jusqu\u2019\u00e0 la ligne d\u2019arriv\u00e9e.<\/p>\n<p>Celle que le Dr Lemieux qualifie de \u00abv\u00e9ritable rayon de soleil\u00bb veut faire passer un message important en participant au D\u00e9fi Je bouge\u00a0: \u00abQuand tu es malade, il ne faut jamais abandonner, quoi qu\u2019il arrive\u00bb. C\u2019est ce que Ma\u00efka fait au quotidien, gr\u00e2ce \u00e0 l\u2019espoir, le courage et la force, comme elle le dit si bien.<\/p>\n<p><em>Soyez aussi d\u00e9termin\u00e9s que Ma\u00efka et participez au <a href=\"https:\/\/www.defijebouge.com\/\" target=\"_blank\" rel=\"noopener\">D\u00e9fi Je bouge<\/a>, le 9 septembre prochain, au parc Beaulieu de Saint-Jean-sur-Richelieu. Inscriptions sur place le matin d\u00e8s 7 h, \u00e0 toutes les \u00e9preuves, sauf celles du v\u00e9lo 50 km et 75 km. <\/em><\/p>\n","protected":false},"excerpt":{"rendered":"<p>Il y a quelques semaines, le Dr Fran\u00e7ois Lemieux, neurologue \u00e0 l\u2019H\u00f4pital du Haut-Richelieu, a re\u00e7u une invitation tr\u00e8s sp\u00e9ciale de la part de sa patiente Ma\u00efka Gravel; participer avec sa m\u00e8re et elle \u00e0 la course du 10 km &hellip; <a href=\"https:\/\/santemc.quebec\/icentre\/defi-je-bouge-un-exemple-de-determination\/\">Continuer la lecture <span class=\"meta-nav\">&rarr;<\/span><\/a><\/p>\n","protected":false},"author":1,"featured_media":0,"comment_status":"open","ping_status":"closed","sticky":false,"template":"","format":"standard","meta":{"footnotes":""},"categories":[1],"tags":[],"_links":{"self":[{"href":"https:\/\/santemc.quebec\/icentre\/wp-json\/wp\/v2\/posts\/5345"}],"collection":[{"href":"https:\/\/santemc.quebec\/icentre\/wp-json\/wp\/v2\/posts"}],"about":[{"href":"https:\/\/santemc.quebec\/icentre\/wp-json\/wp\/v2\/types\/post"}],"author":[{"embeddable":true,"href":"https:\/\/santemc.quebec\/icentre\/wp-json\/wp\/v2\/users\/1"}],"replies":[{"embeddable":true,"href":"https:\/\/santemc.quebec\/icentre\/wp-json\/wp\/v2\/comments?post=5345"}],"version-history":[{"count":2,"href":"https:\/\/santemc.quebec\/icentre\/wp-json\/wp\/v2\/posts\/5345\/revisions"}],"predecessor-version":[{"id":5349,"href":"https:\/\/santemc.quebec\/icentre\/wp-json\/wp\/v2\/posts\/5345\/revisions\/5349"}],"wp:attachment":[{"href":"https:\/\/santemc.quebec\/icentre\/wp-json\/wp\/v2\/media?parent=5345"}],"wp:term":[{"taxonomy":"category","embeddable":true,"href":"https:\/\/santemc.quebec\/icentre\/wp-json\/wp\/v2\/categories?post=5345"},{"taxonomy":"post_tag","embeddable":true,"href":"https:\/\/santemc.quebec\/icentre\/wp-json\/wp\/v2\/tags?post=5345"}],"curies":[{"name":"wp","href":"https:\/\/api.w.org\/{rel}","templated":true}]}}