{"id":5359,"date":"2017-09-08T11:28:36","date_gmt":"2017-09-08T15:28:36","guid":{"rendered":"http:\/\/santemc.quebec\/icentre\/?p=5359"},"modified":"2017-09-08T11:28:36","modified_gmt":"2017-09-08T15:28:36","slug":"quand-vient-le-temps-de-retourner-au-travail-en-route-vers-le-defi-des-generations-contre-le-cancer-avec-mark-bedford","status":"publish","type":"post","link":"https:\/\/santemc.quebec\/icentre\/quand-vient-le-temps-de-retourner-au-travail-en-route-vers-le-defi-des-generations-contre-le-cancer-avec-mark-bedford\/","title":{"rendered":"Quand vient le temps de retourner au travail\u2026- En route vers le D\u00e9fi des g\u00e9n\u00e9rations contre le cancer avec Mark Bedford"},"content":{"rendered":"<div id=\"attachment_5362\" style=\"width: 310px\" class=\"wp-caption alignleft\"><a href=\"http:\/\/santemc.quebec\/santemc\/icentre\/wp-content\/uploads\/2017\/09\/defi_Aviva.jpg\"><img aria-describedby=\"caption-attachment-5362\" decoding=\"async\" loading=\"lazy\" class=\"size-medium wp-image-5362\" src=\"http:\/\/santemc.quebec\/santemc\/icentre\/wp-content\/uploads\/2017\/09\/defi_Aviva-300x205.jpg\" alt=\"\" width=\"300\" height=\"205\" srcset=\"https:\/\/santemc.quebec\/santemc\/icentre\/wp-content\/uploads\/2017\/09\/defi_Aviva-300x205.jpg 300w, https:\/\/santemc.quebec\/santemc\/icentre\/wp-content\/uploads\/2017\/09\/defi_Aviva-768x526.jpg 768w, https:\/\/santemc.quebec\/santemc\/icentre\/wp-content\/uploads\/2017\/09\/defi_Aviva-1024x701.jpg 1024w, https:\/\/santemc.quebec\/santemc\/icentre\/wp-content\/uploads\/2017\/09\/defi_Aviva-438x300.jpg 438w\" sizes=\"(max-width: 300px) 100vw, 300px\" \/><\/a><p id=\"caption-attachment-5362\" class=\"wp-caption-text\">Mes coll\u00e8gues d\u2019Aviva lors du lancement du D\u00e9fi des g\u00e9n\u00e9rations contre le cancer : Gilles D&rsquo;Anjou, Gilles Lafrance et Daniel Babin (sans oublier Jean Laforce, qui n\u2019est pas sur la photo).<\/p><\/div>\n<p>Lorsque l\u2019on re\u00e7oit un diagnostic de maladie grave, notre monde s\u2019arr\u00eate. On a \u00e0 peine le temps d\u2019encaisser le coup que, d\u00e9j\u00e0, les traitements difficiles commencent. Notre vie bascule, mais la terre, elle, continue de tourner\u2026<\/p>\n<p><!--more--><\/p>\n<p>Et lorsque le plus dur est derri\u00e8re, il faut r\u00e9int\u00e9grer ce monde qui a continu\u00e9 sans nous. Je connais plusieurs patients pour qui le retour \u00e0 la vie \u00ab\u00a0normale\u00a0\u00bb a \u00e9t\u00e9 \u00e9prouvant. Ils se sentaient d\u00e9pass\u00e9s, compl\u00e8tement submerg\u00e9s, isol\u00e9s\u2026 Pour ma part, je me consid\u00e8re chanceux! Tout au long de cette p\u00e9riode, j\u2019ai re\u00e7u du soutien de la part de ma famille, de mes amis et de mes employeurs.<\/p>\n<p>En janvier 2016, plus d\u2019un an apr\u00e8s le diagnostic et le d\u00e9but des traitements, j\u2019ai pu recommencer \u00e0 travailler une journ\u00e9e par semaine chez Aviva (je suis pompier, mais je travaille aussi en assurances). Je prenais encore des pilules de chimio, alors je ne pouvais offrir plus!<\/p>\n<p>Mais c\u2019\u00e9tait important pour moi d\u2019avoir ce lien avec mon milieu de travail. Je pouvais mettre \u00e0 jour mes connaissances et garder le contact avec mes coll\u00e8gues. Durant ma convalescence, le vice-pr\u00e9sident d\u2019Aviva Canada, Gordon Rasbach, et mon chef d\u2019\u00e9quipe sont venus de Toronto pour me rendre visite \u00e0 la maison. Lors de mon retour au boulot, tous mes coll\u00e8gues du d\u00e9partement, qui \u00e9taient alors en congr\u00e8s \u00e0 Toronto, ont organis\u00e9 une conf\u00e9rence t\u00e9l\u00e9phonique pour me souhaiter la bienvenue!<\/p>\n<p>Tous ces petits gestes ont fait une diff\u00e9rence \u00e9norme sur mon moral! Je me sens tr\u00e8s privil\u00e9gi\u00e9 d\u2019avoir un employeur et des confr\u00e8res qui se sont montr\u00e9s aussi ouverts et compr\u00e9hensifs. En plus, je vais courir avec plusieurs de mes coll\u00e8gues le 30 septembre prochain, lors du D\u00e9fi des g\u00e9n\u00e9rations contre le cancer. Quoi demander de plus! \ud83d\ude09<\/p>\n<p>Mark<\/p>\n<p><a href=\"http:\/\/www.fhclm.ca\/blogue\/\">http:\/\/www.fhclm.ca\/blogue\/<\/a><\/p>\n","protected":false},"excerpt":{"rendered":"<p>Lorsque l\u2019on re\u00e7oit un diagnostic de maladie grave, notre monde s\u2019arr\u00eate. On a \u00e0 peine le temps d\u2019encaisser le coup que, d\u00e9j\u00e0, les traitements difficiles commencent. Notre vie bascule, mais la terre, elle, continue de tourner\u2026<\/p>\n","protected":false},"author":9,"featured_media":0,"comment_status":"open","ping_status":"closed","sticky":false,"template":"","format":"standard","meta":{"footnotes":""},"categories":[1],"tags":[],"_links":{"self":[{"href":"https:\/\/santemc.quebec\/icentre\/wp-json\/wp\/v2\/posts\/5359"}],"collection":[{"href":"https:\/\/santemc.quebec\/icentre\/wp-json\/wp\/v2\/posts"}],"about":[{"href":"https:\/\/santemc.quebec\/icentre\/wp-json\/wp\/v2\/types\/post"}],"author":[{"embeddable":true,"href":"https:\/\/santemc.quebec\/icentre\/wp-json\/wp\/v2\/users\/9"}],"replies":[{"embeddable":true,"href":"https:\/\/santemc.quebec\/icentre\/wp-json\/wp\/v2\/comments?post=5359"}],"version-history":[{"count":2,"href":"https:\/\/santemc.quebec\/icentre\/wp-json\/wp\/v2\/posts\/5359\/revisions"}],"predecessor-version":[{"id":5363,"href":"https:\/\/santemc.quebec\/icentre\/wp-json\/wp\/v2\/posts\/5359\/revisions\/5363"}],"wp:attachment":[{"href":"https:\/\/santemc.quebec\/icentre\/wp-json\/wp\/v2\/media?parent=5359"}],"wp:term":[{"taxonomy":"category","embeddable":true,"href":"https:\/\/santemc.quebec\/icentre\/wp-json\/wp\/v2\/categories?post=5359"},{"taxonomy":"post_tag","embeddable":true,"href":"https:\/\/santemc.quebec\/icentre\/wp-json\/wp\/v2\/tags?post=5359"}],"curies":[{"name":"wp","href":"https:\/\/api.w.org\/{rel}","templated":true}]}}