{"id":539,"date":"2015-07-14T14:12:54","date_gmt":"2015-07-14T18:12:54","guid":{"rendered":"http:\/\/santemc.quebec\/icentre\/?p=539"},"modified":"2015-07-15T11:59:13","modified_gmt":"2015-07-15T15:59:13","slug":"nominations-de-cadres-intermediaires-a-la-direction-des-ressources-humaines-des-communications-et-des-affaires-juridiques-2","status":"publish","type":"post","link":"https:\/\/santemc.quebec\/icentre\/nominations-de-cadres-intermediaires-a-la-direction-des-ressources-humaines-des-communications-et-des-affaires-juridiques-2\/","title":{"rendered":"Nominations de cadres interm\u00e9diaires \u00e0 la Direction des ressources humaines, des communications et des affaires juridiques"},"content":{"rendered":"<p>Voici les plus r\u00e9centes nominations de cadres interm\u00e9diaires \u00e0 la Direction des ressources humaines, des\u00a0communications et des affaires juridiques (DRHCAJ) du CISSS de la Mont\u00e9r\u00e9gie-Centre\u00a0:<!--more--><\/p>\n<table>\n<tbody>\n<tr>\n<td width=\"170\"><strong>Nom<\/strong><\/td>\n<td width=\"369\"><strong>Poste obtenu<\/strong><\/td>\n<\/tr>\n<tr>\n<td width=\"170\">St\u00e9phane ARCHAMBAULT<\/td>\n<td width=\"369\">Conseiller sp\u00e9cialis\u00e9 en gestion des ressources humaines et relations de travail<\/td>\n<\/tr>\n<tr>\n<td width=\"170\">Cl\u00e9ment COMTOIS<\/td>\n<td width=\"369\">Chef du service, partenariat d\u2019affaires \u2013 relations de travail<\/td>\n<\/tr>\n<tr>\n<td width=\"170\">Daniel CORMIER<\/td>\n<td width=\"369\">Coordonnateur des services de la planification, de la dotation des effectifs et des activit\u00e9s de remplacement<\/td>\n<\/tr>\n<tr>\n<td width=\"170\">Philippe C\u00d4T\u00c9<\/td>\n<td width=\"369\">Conseiller en pr\u00e9vention-promotion et mieux-\u00eatre<\/td>\n<\/tr>\n<tr>\n<td width=\"170\">\u00c9ric GARAND<\/td>\n<td width=\"369\">Conseiller sp\u00e9cialis\u00e9 en gestion des ressources humaines et relations de travail<\/td>\n<\/tr>\n<tr>\n<td width=\"170\">Karine GAUTHIER<\/td>\n<td width=\"369\">Chef du service de la gestion de la pr\u00e9sence au travail<\/td>\n<\/tr>\n<tr>\n<td width=\"170\">Cathy LAPIERRE<\/td>\n<td width=\"369\">Conseill\u00e8re sp\u00e9cialis\u00e9e en gestion des ressources humaines et relations de travail<\/td>\n<\/tr>\n<tr>\n<td width=\"170\">Anne L\u00c9TOURNEAU<\/td>\n<td width=\"369\">Chef du service des activit\u00e9s d\u2019attraction, de r\u00e9tention et de dotation (interne et externe)<\/td>\n<\/tr>\n<tr>\n<td width=\"170\">Carolyne ROUSSEAU<\/td>\n<td width=\"369\">Adjointe \u00e0 la directrice des ressources humaines, des communications et des affaires juridiques, d\u00e9veloppement de l\u2019organisation, des individus et des talents<\/td>\n<\/tr>\n<tr>\n<td width=\"170\">Jocelyne THIFAULT<\/td>\n<td width=\"369\">Chef du service de r\u00e9mun\u00e9ration et avantages sociaux<\/td>\n<\/tr>\n<tr>\n<td width=\"170\">Karine TRUDEAU<\/td>\n<td width=\"369\">Chef de service des communications internes et externes<\/td>\n<\/tr>\n<\/tbody>\n<\/table>\n<p>&nbsp;<\/p>\n","protected":false},"excerpt":{"rendered":"<p>Voici les plus r\u00e9centes nominations de cadres interm\u00e9diaires \u00e0 la Direction des ressources humaines, des\u00a0communications et des affaires juridiques (DRHCAJ) du CISSS de la Mont\u00e9r\u00e9gie-Centre\u00a0:<\/p>\n","protected":false},"author":1,"featured_media":0,"comment_status":"open","ping_status":"closed","sticky":false,"template":"","format":"standard","meta":{"footnotes":""},"categories":[2],"tags":[22,21,8],"_links":{"self":[{"href":"https:\/\/santemc.quebec\/icentre\/wp-json\/wp\/v2\/posts\/539"}],"collection":[{"href":"https:\/\/santemc.quebec\/icentre\/wp-json\/wp\/v2\/posts"}],"about":[{"href":"https:\/\/santemc.quebec\/icentre\/wp-json\/wp\/v2\/types\/post"}],"author":[{"embeddable":true,"href":"https:\/\/santemc.quebec\/icentre\/wp-json\/wp\/v2\/users\/1"}],"replies":[{"embeddable":true,"href":"https:\/\/santemc.quebec\/icentre\/wp-json\/wp\/v2\/comments?post=539"}],"version-history":[{"count":2,"href":"https:\/\/santemc.quebec\/icentre\/wp-json\/wp\/v2\/posts\/539\/revisions"}],"predecessor-version":[{"id":546,"href":"https:\/\/santemc.quebec\/icentre\/wp-json\/wp\/v2\/posts\/539\/revisions\/546"}],"wp:attachment":[{"href":"https:\/\/santemc.quebec\/icentre\/wp-json\/wp\/v2\/media?parent=539"}],"wp:term":[{"taxonomy":"category","embeddable":true,"href":"https:\/\/santemc.quebec\/icentre\/wp-json\/wp\/v2\/categories?post=539"},{"taxonomy":"post_tag","embeddable":true,"href":"https:\/\/santemc.quebec\/icentre\/wp-json\/wp\/v2\/tags?post=539"}],"curies":[{"name":"wp","href":"https:\/\/api.w.org\/{rel}","templated":true}]}}