{"id":5397,"date":"2017-09-15T09:53:49","date_gmt":"2017-09-15T13:53:49","guid":{"rendered":"http:\/\/santemc.quebec\/icentre\/?p=5397"},"modified":"2017-09-15T09:53:49","modified_gmt":"2017-09-15T13:53:49","slug":"lancement-du-nouveau-programme-dintervention-conjointe-aupres-des-personnes-en-situation-de-crise-pour-le-rls-du-haut-richelieu-rouville","status":"publish","type":"post","link":"https:\/\/santemc.quebec\/icentre\/lancement-du-nouveau-programme-dintervention-conjointe-aupres-des-personnes-en-situation-de-crise-pour-le-rls-du-haut-richelieu-rouville\/","title":{"rendered":"Lancement du nouveau programme d\u2019intervention conjointe aupr\u00e8s des personnes en situation de crise pour le RLS du Haut-Richelieu\u2013Rouville"},"content":{"rendered":"<div id=\"attachment_5398\" style=\"width: 310px\" class=\"wp-caption alignleft\"><a href=\"http:\/\/santemc.quebec\/santemc\/icentre\/wp-content\/uploads\/2017\/09\/IMG_0202.jpg\"><img aria-describedby=\"caption-attachment-5398\" decoding=\"async\" loading=\"lazy\" class=\"size-medium wp-image-5398\" src=\"http:\/\/santemc.quebec\/santemc\/icentre\/wp-content\/uploads\/2017\/09\/IMG_0202-300x225.jpg\" alt=\"\" width=\"300\" height=\"225\" srcset=\"https:\/\/santemc.quebec\/santemc\/icentre\/wp-content\/uploads\/2017\/09\/IMG_0202-300x225.jpg 300w, https:\/\/santemc.quebec\/santemc\/icentre\/wp-content\/uploads\/2017\/09\/IMG_0202-768x576.jpg 768w, https:\/\/santemc.quebec\/santemc\/icentre\/wp-content\/uploads\/2017\/09\/IMG_0202-1024x768.jpg 1024w, https:\/\/santemc.quebec\/santemc\/icentre\/wp-content\/uploads\/2017\/09\/IMG_0202-400x300.jpg 400w\" sizes=\"(max-width: 300px) 100vw, 300px\" \/><\/a><p id=\"caption-attachment-5398\" class=\"wp-caption-text\">De gauche \u00e0 droite : Richard Deschamps, pr\u00e9sident-directeur g\u00e9n\u00e9ral du CISSS; Benoit Geneau, directeur des programmes de sant\u00e9 mentale et d\u00e9pendance; Michel Fecteau, maire de la Ville de Saint-Jean-sur-Richelieu; Myriam Lafond, intervenante au CCPSHRR; Danielle Chr\u00e9tien, directrice g\u00e9n\u00e9rale du CCPSHRR; et Andr\u00e9 Fortier, directeur du service de police de Saint-Jean-sur-Richelieu<\/p><\/div>\n<p>Dans le cadre d\u2019une conf\u00e9rence de presse tenue hier, M. Richard Deschamps, pr\u00e9sident-directeur g\u00e9n\u00e9ral de notre CISSS, a officiellement sign\u00e9 le protocole d\u2019entente pour le d\u00e9marrage du nouveau programme d\u2019intervention conjointe aupr\u00e8s des personnes en situation de crise pour le RLS du Haut-Richelieu-Rouville (CCPSHRR). D\u00e9velopp\u00e9 par la Direction des programmes de sant\u00e9 mentale et d\u00e9pendance du CISSS en partenariat avec le service de police de Saint-Jean-sur-Richelieu et le Centre de crise et de pr\u00e9vention du suicide de Saint-Jean-sur-Richelieu (CCPHSRR), ce nouveau service permettra aux policiers d\u2019avoir acc\u00e8s, 24 h sur 24 et 7 jours sur 7, \u00e0 un intervenant du centre de crise lorsqu\u2019ils seront en pr\u00e9sence d\u2019une personne dont l\u2019\u00e9tat mental peut repr\u00e9senter un danger pour elle-m\u00eame ou pour autrui.<\/p>\n<p><!--more--><\/p>\n<p>Dor\u00e9navant, lorsqu&rsquo;un policier interviendra aupr\u00e8s d&rsquo;une personne en situation de d\u00e9tresse psychologique importante, il communiquera imm\u00e9diatement avec le CCPSHRR. D\u00e8s lors, un intervenant sp\u00e9cialis\u00e9 estimera le niveau de dangerosit\u00e9 de l\u2019individu pour lui-m\u00eame et pour ses proches. L\u2019intervenant mettra en place un filet de s\u00e9curit\u00e9 pour la personne et ses proches en ayant recours aux services du centre et aux autres ressources des r\u00e9seaux public et communautaire du milieu.<\/p>\n<p>Auparavant, les personnes en situation de crise \u00e9taient conduites de fa\u00e7on syst\u00e9matique \u00e0 l\u2019urgence. Bien que l\u2019H\u00f4pital dispose de professionnels et de m\u00e9decins hautement qualifi\u00e9s pour recevoir toute personne qui requiert des soins de sant\u00e9 mentale, des services alternatifs \u00e0 l\u2019urgence sont souvent plus appropri\u00e9s. Ce projet permettra justement d\u2019offrir des services de sant\u00e9 mentale r\u00e9ellement adapt\u00e9s aux besoins des personnes en situation de crise.<\/p>\n<p>F\u00e9licitations \u00e0 Benoit Geneau, directeur des programmes de sant\u00e9 mentale et d\u00e9pendance ainsi qu\u2019\u00e0 son \u00e9quipe pour le d\u00e9veloppement de ce superbe projet!<\/p>\n","protected":false},"excerpt":{"rendered":"<p>Dans le cadre d\u2019une conf\u00e9rence de presse tenue hier, M. Richard Deschamps, pr\u00e9sident-directeur g\u00e9n\u00e9ral de notre CISSS, a officiellement sign\u00e9 le protocole d\u2019entente pour le d\u00e9marrage du nouveau programme d\u2019intervention conjointe aupr\u00e8s des personnes en situation de crise pour le &hellip; <a href=\"https:\/\/santemc.quebec\/icentre\/lancement-du-nouveau-programme-dintervention-conjointe-aupres-des-personnes-en-situation-de-crise-pour-le-rls-du-haut-richelieu-rouville\/\">Continuer la lecture <span class=\"meta-nav\">&rarr;<\/span><\/a><\/p>\n","protected":false},"author":9,"featured_media":0,"comment_status":"open","ping_status":"closed","sticky":false,"template":"","format":"standard","meta":{"footnotes":""},"categories":[1],"tags":[],"_links":{"self":[{"href":"https:\/\/santemc.quebec\/icentre\/wp-json\/wp\/v2\/posts\/5397"}],"collection":[{"href":"https:\/\/santemc.quebec\/icentre\/wp-json\/wp\/v2\/posts"}],"about":[{"href":"https:\/\/santemc.quebec\/icentre\/wp-json\/wp\/v2\/types\/post"}],"author":[{"embeddable":true,"href":"https:\/\/santemc.quebec\/icentre\/wp-json\/wp\/v2\/users\/9"}],"replies":[{"embeddable":true,"href":"https:\/\/santemc.quebec\/icentre\/wp-json\/wp\/v2\/comments?post=5397"}],"version-history":[{"count":1,"href":"https:\/\/santemc.quebec\/icentre\/wp-json\/wp\/v2\/posts\/5397\/revisions"}],"predecessor-version":[{"id":5399,"href":"https:\/\/santemc.quebec\/icentre\/wp-json\/wp\/v2\/posts\/5397\/revisions\/5399"}],"wp:attachment":[{"href":"https:\/\/santemc.quebec\/icentre\/wp-json\/wp\/v2\/media?parent=5397"}],"wp:term":[{"taxonomy":"category","embeddable":true,"href":"https:\/\/santemc.quebec\/icentre\/wp-json\/wp\/v2\/categories?post=5397"},{"taxonomy":"post_tag","embeddable":true,"href":"https:\/\/santemc.quebec\/icentre\/wp-json\/wp\/v2\/tags?post=5397"}],"curies":[{"name":"wp","href":"https:\/\/api.w.org\/{rel}","templated":true}]}}