{"id":5400,"date":"2017-09-15T14:30:29","date_gmt":"2017-09-15T18:30:29","guid":{"rendered":"http:\/\/santemc.quebec\/icentre\/?p=5400"},"modified":"2017-09-19T08:26:21","modified_gmt":"2017-09-19T12:26:21","slug":"une-course-qui-va-bien-au-dela-des-resultats","status":"publish","type":"post","link":"https:\/\/santemc.quebec\/icentre\/une-course-qui-va-bien-au-dela-des-resultats\/","title":{"rendered":"Une course qui va bien au-del\u00e0 des r\u00e9sultats!"},"content":{"rendered":"<div id=\"attachment_5406\" style=\"width: 160px\" class=\"wp-caption alignleft\"><a href=\"http:\/\/santemc.quebec\/santemc\/icentre\/wp-content\/uploads\/2017\/09\/NBoudreau.jpg\"><img aria-describedby=\"caption-attachment-5406\" decoding=\"async\" loading=\"lazy\" class=\"wp-image-5406 size-thumbnail\" src=\"http:\/\/santemc.quebec\/santemc\/icentre\/wp-content\/uploads\/2017\/09\/NBoudreau-150x150.jpg\" alt=\"\" width=\"150\" height=\"150\" srcset=\"https:\/\/santemc.quebec\/santemc\/icentre\/wp-content\/uploads\/2017\/09\/NBoudreau-150x150.jpg 150w, https:\/\/santemc.quebec\/santemc\/icentre\/wp-content\/uploads\/2017\/09\/NBoudreau-300x300.jpg 300w, https:\/\/santemc.quebec\/santemc\/icentre\/wp-content\/uploads\/2017\/09\/NBoudreau-768x766.jpg 768w, https:\/\/santemc.quebec\/santemc\/icentre\/wp-content\/uploads\/2017\/09\/NBoudreau-1024x1021.jpg 1024w, https:\/\/santemc.quebec\/santemc\/icentre\/wp-content\/uploads\/2017\/09\/NBoudreau-301x300.jpg 301w, https:\/\/santemc.quebec\/santemc\/icentre\/wp-content\/uploads\/2017\/09\/NBoudreau.jpg 1500w\" sizes=\"(max-width: 150px) 100vw, 150px\" \/><\/a><p id=\"caption-attachment-5406\" class=\"wp-caption-text\">Nathalie Boudreau, directrice g\u00e9n\u00e9rale de la Fondation H\u00f4pital Charles-LeMoyne<\/p><\/div>\n<p>Quelque 1500 coureurs sont attendus le 30 septembre pour la 2<sup>e<\/sup> \u00e9dition du D\u00e9fi des g\u00e9n\u00e9rations contre le cancer. Un \u00e9v\u00e9nement organis\u00e9 par la Fondation H\u00f4pital Charles-LeMoyne pour rappeler aux patients qui font face \u00e0 la maladie qu\u2019ils ne sont pas seuls.<\/p>\n<p><!--more--><\/p>\n<p>\u00ab Les fondations organisent beaucoup d\u2019activit\u00e9s sur une base annuelle, mais le D\u00e9fi des g\u00e9n\u00e9rations contre le cancer est celui o\u00f9 nous nous rapprochons le plus de notre communaut\u00e9, explique la directrice g\u00e9n\u00e9rale de la Fondation, Nathalie Boudreau. C\u2019est un \u00e9v\u00e9nement qui rejoint les familles de tous les \u00e2ges et le cancer, malheureusement, touche tout le monde. Nous voulons que les gens se rassemblent pour d\u00e9montrer aux patients qu\u2019ils ne sont pas seuls dans la maladie. \u00bb<\/p>\n<p>Des distances de 21 km, 10 km, 5 km et 1 km sont propos\u00e9es aux coureurs et aux marcheurs, ce qui permet \u00e0 tous de participer aux d\u00e9fis, m\u00eame ceux qui n\u2018ont jamais pris part \u00e0 un \u00e9v\u00e9nement de course \u00e0 pied.<\/p>\n<p>\u00ab Il y a des d\u00e9fis de toutes les tailles pour tout le monde, pr\u00e9cise Nathalie Boudreau. C\u2019est important que tout le monde se sente concern\u00e9 et puisse faire quelque chose. L\u2019important, c\u2019est de rassembler et de collecter des fonds pour s\u2019assurer que les soins en canc\u00e9rologie et en oncologie soient meilleurs et continuent d\u2019avancer et de se d\u00e9velopper. \u00bb<\/p>\n<p><strong>Un \u00e9v\u00e9nement rassembleur<br \/>\n<\/strong>Comme l\u2019an dernier, l\u2019\u00e9v\u00e9nement, qui se d\u00e9roulera au parc Poly-ar\u00e9na de Brossard, prendra des airs de f\u00eate familiale. La porte-parole Jos\u00e9e Lavigueur sera notamment sur place pour encourager les participants.<\/p>\n<p>\u00ab Il va y avoir des jeux gonflables, de l\u2019animation et des kiosques, explique la directrice g\u00e9n\u00e9rale. Comme les d\u00e9parts sont en alternance, les arriv\u00e9es seront pratiquement simultan\u00e9es, ce qui permet de faire la f\u00eate ensemble et de recevoir sa m\u00e9daille tous en m\u00eame temps. \u00bb<\/p>\n<p><strong>Une fondation essentielle<br \/>\n<\/strong>Les organisateurs esp\u00e8rent que cet \u00e9v\u00e9nement permettra d\u2019amasser au moins 100\u00a0000 $, qui seront remis au Centre int\u00e9gr\u00e9 de canc\u00e9rologie de la Mont\u00e9r\u00e9gie (CICM).<\/p>\n<p>La Fondation a une grande mission collective\u00a0: celle de contribuer au financement des projets de l\u2019H\u00f4pital Charles-Le Moyne pour am\u00e9liorer l\u2019\u00e9tat de sant\u00e9 de la population mont\u00e9r\u00e9gienne. Sans tout l\u2019argent amass\u00e9 par la Fondation, le CICM, o\u00f9 plus de 9800 traitements de chimioth\u00e9rapie et 2050 traitements de radioth\u00e9rapie sont prodigu\u00e9s chaque ann\u00e9e, n\u2019aurait pu voir le jour.<\/p>\n<p>Nathalie Boudreau assure que les participants vont ressentir \u00ab un sentiment de grande joie, de bonheur, de satisfaction et d\u2019accomplissement \u00bb lorsqu\u2019ils franchiront la ligne d\u2019arriv\u00e9e du D\u00e9fi des g\u00e9n\u00e9rations contre le cancer.<\/p>\n<p>\u00ab C\u2019est de sortir de son quotidien et faire quelque chose qui va faire une petite vague dans ce grand oc\u00e9an. Et c\u2019est ensemble que nous allons arriver \u00e0 le faire. Les participants vont ressortir de l\u2019\u00e9v\u00e9nement en ayant l\u2019impression de participer \u00e0 quelque chose de plus grand qu\u2019eux et \u00e7a vaut son pesant d\u2019or \u00bb, conclut Nathalie Boudreau.<\/p>\n<p><em>Il est encore possible de s\u2019inscrire au D\u00e9fi des g\u00e9n\u00e9rations contre le cancer, de mettre en place une collecte de fonds ou de faire un don via le site Web de la Fondation.<br \/>\n<a href=\"http:\/\/www.fhclm.ca\" target=\"_blank\" rel=\"noopener\">www.fhclm.ca<\/a><\/em><\/p>\n","protected":false},"excerpt":{"rendered":"<p>Quelque 1500 coureurs sont attendus le 30 septembre pour la 2e \u00e9dition du D\u00e9fi des g\u00e9n\u00e9rations contre le cancer. Un \u00e9v\u00e9nement organis\u00e9 par la Fondation H\u00f4pital Charles-LeMoyne pour rappeler aux patients qui font face \u00e0 la maladie qu\u2019ils ne sont &hellip; <a href=\"https:\/\/santemc.quebec\/icentre\/une-course-qui-va-bien-au-dela-des-resultats\/\">Continuer la lecture <span class=\"meta-nav\">&rarr;<\/span><\/a><\/p>\n","protected":false},"author":9,"featured_media":0,"comment_status":"open","ping_status":"closed","sticky":false,"template":"","format":"standard","meta":{"footnotes":""},"categories":[1],"tags":[],"_links":{"self":[{"href":"https:\/\/santemc.quebec\/icentre\/wp-json\/wp\/v2\/posts\/5400"}],"collection":[{"href":"https:\/\/santemc.quebec\/icentre\/wp-json\/wp\/v2\/posts"}],"about":[{"href":"https:\/\/santemc.quebec\/icentre\/wp-json\/wp\/v2\/types\/post"}],"author":[{"embeddable":true,"href":"https:\/\/santemc.quebec\/icentre\/wp-json\/wp\/v2\/users\/9"}],"replies":[{"embeddable":true,"href":"https:\/\/santemc.quebec\/icentre\/wp-json\/wp\/v2\/comments?post=5400"}],"version-history":[{"count":6,"href":"https:\/\/santemc.quebec\/icentre\/wp-json\/wp\/v2\/posts\/5400\/revisions"}],"predecessor-version":[{"id":5409,"href":"https:\/\/santemc.quebec\/icentre\/wp-json\/wp\/v2\/posts\/5400\/revisions\/5409"}],"wp:attachment":[{"href":"https:\/\/santemc.quebec\/icentre\/wp-json\/wp\/v2\/media?parent=5400"}],"wp:term":[{"taxonomy":"category","embeddable":true,"href":"https:\/\/santemc.quebec\/icentre\/wp-json\/wp\/v2\/categories?post=5400"},{"taxonomy":"post_tag","embeddable":true,"href":"https:\/\/santemc.quebec\/icentre\/wp-json\/wp\/v2\/tags?post=5400"}],"curies":[{"name":"wp","href":"https:\/\/api.w.org\/{rel}","templated":true}]}}