{"id":5410,"date":"2017-09-19T10:42:39","date_gmt":"2017-09-19T14:42:39","guid":{"rendered":"http:\/\/santemc.quebec\/icentre\/?p=5410"},"modified":"2017-09-19T10:52:17","modified_gmt":"2017-09-19T14:52:17","slug":"trois-prix-gemeaux-pour-de-garde-247","status":"publish","type":"post","link":"https:\/\/santemc.quebec\/icentre\/trois-prix-gemeaux-pour-de-garde-247\/","title":{"rendered":"Trois prix G\u00e9meaux pour De Garde 24\/7"},"content":{"rendered":"<p>Dans le cadre du r\u00e9cent gala des prix G\u00e9meaux, la deuxi\u00e8me saison de la s\u00e9rie <em>De garde 24\/7<\/em>, tourn\u00e9e \u00e0 l\u2019H\u00f4pital Charles-Le Moyne, s\u2019est illustr\u00e9e en recevant trois des cinq prix G\u00e9meaux pour lesquels elle \u00e9tait en nomination.<\/p>\n<p><!--more--><\/p>\n<p>Cette deuxi\u00e8me mouture a permis \u00e0 ses artisans de repartir avec les statuettes remises pour le \u00ab\u00a0meilleur sc\u00e9nario, documentaire \u2013 s\u00e9rie\u00a0\u00bb, le \u00ab\u00a0meilleur son\u00a0: magazine, affaires publiques, documentaires, toutes cat\u00e9gories\u00a0\u00bb et pour la \u00ab\u00a0meilleure s\u00e9rie documentaire \u2013 soci\u00e9t\u00e9\u00a0\u00bb. Cette derni\u00e8re r\u00e9compense avait d\u2019ailleurs \u00e9galement \u00e9t\u00e9 remise \u00e0 la s\u00e9rie en 2016.<\/p>\n<p>F\u00e9licitations aux \u00e9quipes de production et merci encore aux personnes qui ont permis de faire de ce projet t\u00e9l\u00e9visuel une vignette humaine et touchante du quotidien de nos \u00e9quipes et de notre client\u00e8le.<\/p>\n<p>Richard Deschamps<\/p>\n<p style=\"text-align: center;\"><a href=\"http:\/\/santemc.quebec\/santemc\/icentre\/wp-content\/uploads\/2017\/09\/Artisans_deGarde247.jpg\"><img decoding=\"async\" loading=\"lazy\" class=\"aligncenter wp-image-5411 size-medium\" src=\"http:\/\/santemc.quebec\/santemc\/icentre\/wp-content\/uploads\/2017\/09\/Artisans_deGarde247-300x129.jpg\" alt=\"\" width=\"300\" height=\"129\" srcset=\"https:\/\/santemc.quebec\/santemc\/icentre\/wp-content\/uploads\/2017\/09\/Artisans_deGarde247-300x129.jpg 300w, https:\/\/santemc.quebec\/santemc\/icentre\/wp-content\/uploads\/2017\/09\/Artisans_deGarde247-768x331.jpg 768w, https:\/\/santemc.quebec\/santemc\/icentre\/wp-content\/uploads\/2017\/09\/Artisans_deGarde247-500x216.jpg 500w, https:\/\/santemc.quebec\/santemc\/icentre\/wp-content\/uploads\/2017\/09\/Artisans_deGarde247.jpg 960w\" sizes=\"(max-width: 300px) 100vw, 300px\" \/><\/a><\/p>\n","protected":false},"excerpt":{"rendered":"<p>Dans le cadre du r\u00e9cent gala des prix G\u00e9meaux, la deuxi\u00e8me saison de la s\u00e9rie De garde 24\/7, tourn\u00e9e \u00e0 l\u2019H\u00f4pital Charles-Le Moyne, s\u2019est illustr\u00e9e en recevant trois des cinq prix G\u00e9meaux pour lesquels elle \u00e9tait en nomination.<\/p>\n","protected":false},"author":9,"featured_media":0,"comment_status":"open","ping_status":"closed","sticky":false,"template":"","format":"standard","meta":{"footnotes":""},"categories":[1],"tags":[],"_links":{"self":[{"href":"https:\/\/santemc.quebec\/icentre\/wp-json\/wp\/v2\/posts\/5410"}],"collection":[{"href":"https:\/\/santemc.quebec\/icentre\/wp-json\/wp\/v2\/posts"}],"about":[{"href":"https:\/\/santemc.quebec\/icentre\/wp-json\/wp\/v2\/types\/post"}],"author":[{"embeddable":true,"href":"https:\/\/santemc.quebec\/icentre\/wp-json\/wp\/v2\/users\/9"}],"replies":[{"embeddable":true,"href":"https:\/\/santemc.quebec\/icentre\/wp-json\/wp\/v2\/comments?post=5410"}],"version-history":[{"count":1,"href":"https:\/\/santemc.quebec\/icentre\/wp-json\/wp\/v2\/posts\/5410\/revisions"}],"predecessor-version":[{"id":5412,"href":"https:\/\/santemc.quebec\/icentre\/wp-json\/wp\/v2\/posts\/5410\/revisions\/5412"}],"wp:attachment":[{"href":"https:\/\/santemc.quebec\/icentre\/wp-json\/wp\/v2\/media?parent=5410"}],"wp:term":[{"taxonomy":"category","embeddable":true,"href":"https:\/\/santemc.quebec\/icentre\/wp-json\/wp\/v2\/categories?post=5410"},{"taxonomy":"post_tag","embeddable":true,"href":"https:\/\/santemc.quebec\/icentre\/wp-json\/wp\/v2\/tags?post=5410"}],"curies":[{"name":"wp","href":"https:\/\/api.w.org\/{rel}","templated":true}]}}