{"id":5413,"date":"2017-09-19T15:51:48","date_gmt":"2017-09-19T19:51:48","guid":{"rendered":"http:\/\/santemc.quebec\/icentre\/?p=5413"},"modified":"2017-09-19T15:53:05","modified_gmt":"2017-09-19T19:53:05","slug":"une-experience-de-stage-exploratoire-pour-neuf-adolescents-et-jeunes-adultes-vivant-avec-une-deficience-visuelle","status":"publish","type":"post","link":"https:\/\/santemc.quebec\/icentre\/une-experience-de-stage-exploratoire-pour-neuf-adolescents-et-jeunes-adultes-vivant-avec-une-deficience-visuelle\/","title":{"rendered":"Une exp\u00e9rience de stage exploratoire pour neuf adolescents et jeunes adultes vivant avec une d\u00e9ficience visuelle"},"content":{"rendered":"<div id=\"attachment_5414\" style=\"width: 310px\" class=\"wp-caption alignleft\"><a href=\"http:\/\/santemc.quebec\/santemc\/icentre\/wp-content\/uploads\/2017\/09\/releve.jpg\"><img aria-describedby=\"caption-attachment-5414\" decoding=\"async\" loading=\"lazy\" class=\"size-medium wp-image-5414\" src=\"http:\/\/santemc.quebec\/santemc\/icentre\/wp-content\/uploads\/2017\/09\/releve-300x200.jpg\" alt=\"\" width=\"300\" height=\"200\" srcset=\"https:\/\/santemc.quebec\/santemc\/icentre\/wp-content\/uploads\/2017\/09\/releve-300x200.jpg 300w, https:\/\/santemc.quebec\/santemc\/icentre\/wp-content\/uploads\/2017\/09\/releve-768x512.jpg 768w, https:\/\/santemc.quebec\/santemc\/icentre\/wp-content\/uploads\/2017\/09\/releve.jpg 1024w, https:\/\/santemc.quebec\/santemc\/icentre\/wp-content\/uploads\/2017\/09\/releve-450x300.jpg 450w\" sizes=\"(max-width: 300px) 100vw, 300px\" \/><\/a><p id=\"caption-attachment-5414\" class=\"wp-caption-text\">Cr\u00e9dit photo : Montr\u00e9al Rel\u00e8ve, 2017 &#8211; Photographe : Sarah Geerits<\/p><\/div>\n<p>Gr\u00e2ce \u00e0 une entente qui unit le CISSS de la Mont\u00e9r\u00e9gie-Centre et la Fondation En Vue de l\u2019Institut Nazareth et Louis-Braille (INLB) \u00e0 l\u2019organisme Montr\u00e9al Rel\u00e8ve, neuf adolescents et jeunes adultes participant au programme Vision Carri\u00e8res ont v\u00e9cu cet \u00e9t\u00e9 des exp\u00e9riences de stages d\u2019une semaine d\u2019exploration de carri\u00e8res dans des secteurs diversifi\u00e9s tels que\u00a0l\u2019a\u00e9rospatiale, l\u2019\u00e9v\u00e9nementiel, le droit et la technologie.<\/p>\n<p><!--more--><\/p>\n<p>Vision Carri\u00e8re est un projet de r\u00e9adaptation concret qui donne aux jeunes le moyen d\u2019explorer l\u2019\u00e9tape de l\u2019int\u00e9gration au travail. Inscrite dans leur plan d\u2019intervention, cette d\u00e9marche se fait en collaboration avec nos professionnels en d\u00e9ficience visuelle pour faciliter la transition de l\u2019\u00e9cole \u00e0 la vie active.<\/p>\n<p>Les participants, stagiaires et mentors ont \u00e9t\u00e9 f\u00e9licit\u00e9s pour leur implication dans le cadre d\u2019un gala de cl\u00f4ture qui se tenait la semaine derni\u00e8re \u00e0 l\u2019INLB. Nancy Morin, membre de l\u2019\u00e9quipe nationale de goalball du Canada et vivant avec une d\u00e9ficience visuelle, est venue t\u00e9moigner de son parcours et f\u00e9liciter les participants.<\/p>\n<p>Bravo \u00e0 tous ceux et celles qui ont contribu\u00e9 \u00e0 la r\u00e9ussite de ce projet!<\/p>\n<p><strong>\u00c0 propos de Montr\u00e9al Rel\u00e8ve<br \/>\n<\/strong>Montr\u00e9al Rel\u00e8ve est un organisme \u00e0 but non lucratif qui travaille au d\u00e9veloppement socio\u00e9conomique de la ville de Montr\u00e9al depuis sa mise sur pied en 1995. Annuellement, Montr\u00e9al Rel\u00e8ve accompagne 2 500 jeunes vers des activit\u00e9s d\u2019exploration de carri\u00e8re.<\/p>\n","protected":false},"excerpt":{"rendered":"<p>Gr\u00e2ce \u00e0 une entente qui unit le CISSS de la Mont\u00e9r\u00e9gie-Centre et la Fondation En Vue de l\u2019Institut Nazareth et Louis-Braille (INLB) \u00e0 l\u2019organisme Montr\u00e9al Rel\u00e8ve, neuf adolescents et jeunes adultes participant au programme Vision Carri\u00e8res ont v\u00e9cu cet \u00e9t\u00e9 &hellip; <a href=\"https:\/\/santemc.quebec\/icentre\/une-experience-de-stage-exploratoire-pour-neuf-adolescents-et-jeunes-adultes-vivant-avec-une-deficience-visuelle\/\">Continuer la lecture <span class=\"meta-nav\">&rarr;<\/span><\/a><\/p>\n","protected":false},"author":9,"featured_media":0,"comment_status":"open","ping_status":"closed","sticky":false,"template":"","format":"standard","meta":{"footnotes":""},"categories":[1],"tags":[],"_links":{"self":[{"href":"https:\/\/santemc.quebec\/icentre\/wp-json\/wp\/v2\/posts\/5413"}],"collection":[{"href":"https:\/\/santemc.quebec\/icentre\/wp-json\/wp\/v2\/posts"}],"about":[{"href":"https:\/\/santemc.quebec\/icentre\/wp-json\/wp\/v2\/types\/post"}],"author":[{"embeddable":true,"href":"https:\/\/santemc.quebec\/icentre\/wp-json\/wp\/v2\/users\/9"}],"replies":[{"embeddable":true,"href":"https:\/\/santemc.quebec\/icentre\/wp-json\/wp\/v2\/comments?post=5413"}],"version-history":[{"count":1,"href":"https:\/\/santemc.quebec\/icentre\/wp-json\/wp\/v2\/posts\/5413\/revisions"}],"predecessor-version":[{"id":5415,"href":"https:\/\/santemc.quebec\/icentre\/wp-json\/wp\/v2\/posts\/5413\/revisions\/5415"}],"wp:attachment":[{"href":"https:\/\/santemc.quebec\/icentre\/wp-json\/wp\/v2\/media?parent=5413"}],"wp:term":[{"taxonomy":"category","embeddable":true,"href":"https:\/\/santemc.quebec\/icentre\/wp-json\/wp\/v2\/categories?post=5413"},{"taxonomy":"post_tag","embeddable":true,"href":"https:\/\/santemc.quebec\/icentre\/wp-json\/wp\/v2\/tags?post=5413"}],"curies":[{"name":"wp","href":"https:\/\/api.w.org\/{rel}","templated":true}]}}