{"id":5416,"date":"2017-09-21T09:28:57","date_gmt":"2017-09-21T13:28:57","guid":{"rendered":"http:\/\/santemc.quebec\/icentre\/?p=5416"},"modified":"2017-09-21T09:33:39","modified_gmt":"2017-09-21T13:33:39","slug":"bulletin-horizon-sante-la-maladie-dalzheimer-le-nombre-de-personnes-atteintes-en-constante-progression","status":"publish","type":"post","link":"https:\/\/santemc.quebec\/icentre\/bulletin-horizon-sante-la-maladie-dalzheimer-le-nombre-de-personnes-atteintes-en-constante-progression\/","title":{"rendered":"Bulletin Horizon Sant\u00e9 \u2013 La maladie d&rsquo;Alzheimer : le nombre de personnes atteintes en constante progression"},"content":{"rendered":"<p><img decoding=\"async\" loading=\"lazy\" class=\"alignleft\" src=\"http:\/\/extranet.santemonteregie.qc.ca\/userfiles\/image\/sante-publique\/surveillance-etat-sante\/HorizonSante-PageHorizon.PNG\" alt=\"Horizon Sant\u00e9 Logo\" width=\"263\" height=\"178\" \/>Le 21 septembre est la journ\u00e9e mondiale de la maladie d&rsquo;Alzheimer. C&rsquo;est \u00e0 ce sujet qu&rsquo;est consacr\u00e9 le quatri\u00e8me bulletin Horizon Sant\u00e9.<\/p>\n<p>Le bulletin Horizon Sant\u00e9, diffus\u00e9 par l&rsquo;\u00e9quipe Surveillance de l&rsquo;\u00e9tat de sant\u00e9 de la population de notre Direction de sant\u00e9 publique, pr\u00e9sente les principales statistiques en lien avec la maladie d&rsquo;Alzheimer.<\/p>\n<p><!--more--><\/p>\n<p>Saviez-vous que le nombre de personnes souffrant de la maladie est en progression et que pr\u00e8s du tiers des personnes de 85 ans et plus en sont atteintes? Pour en savoir davantage sur les tendances actuelles dans la r\u00e9gion, certaines caract\u00e9ristiques des personnes atteintes et les principaux facteurs de risque et de protection de la maladie d&rsquo;Alzheimer, vous \u00eates invit\u00e9s \u00e0 consulter le <a href=\"http:\/\/santemc.quebec\/santemc\/icentre\/wp-content\/uploads\/2017\/09\/HorizonSante_Alzheimer.pdf\" target=\"_blank\" rel=\"noopener\">quatri\u00e8me num\u00e9ro du bulletin Horizon Sant\u00e9<\/a>.<\/p>\n<p>&nbsp;<\/p>\n","protected":false},"excerpt":{"rendered":"<p>Le 21 septembre est la journ\u00e9e mondiale de la maladie d&rsquo;Alzheimer. C&rsquo;est \u00e0 ce sujet qu&rsquo;est consacr\u00e9 le quatri\u00e8me bulletin Horizon Sant\u00e9. Le bulletin Horizon Sant\u00e9, diffus\u00e9 par l&rsquo;\u00e9quipe Surveillance de l&rsquo;\u00e9tat de sant\u00e9 de la population de notre Direction &hellip; <a href=\"https:\/\/santemc.quebec\/icentre\/bulletin-horizon-sante-la-maladie-dalzheimer-le-nombre-de-personnes-atteintes-en-constante-progression\/\">Continuer la lecture <span class=\"meta-nav\">&rarr;<\/span><\/a><\/p>\n","protected":false},"author":9,"featured_media":0,"comment_status":"open","ping_status":"closed","sticky":false,"template":"","format":"standard","meta":{"footnotes":""},"categories":[1],"tags":[],"_links":{"self":[{"href":"https:\/\/santemc.quebec\/icentre\/wp-json\/wp\/v2\/posts\/5416"}],"collection":[{"href":"https:\/\/santemc.quebec\/icentre\/wp-json\/wp\/v2\/posts"}],"about":[{"href":"https:\/\/santemc.quebec\/icentre\/wp-json\/wp\/v2\/types\/post"}],"author":[{"embeddable":true,"href":"https:\/\/santemc.quebec\/icentre\/wp-json\/wp\/v2\/users\/9"}],"replies":[{"embeddable":true,"href":"https:\/\/santemc.quebec\/icentre\/wp-json\/wp\/v2\/comments?post=5416"}],"version-history":[{"count":5,"href":"https:\/\/santemc.quebec\/icentre\/wp-json\/wp\/v2\/posts\/5416\/revisions"}],"predecessor-version":[{"id":5422,"href":"https:\/\/santemc.quebec\/icentre\/wp-json\/wp\/v2\/posts\/5416\/revisions\/5422"}],"wp:attachment":[{"href":"https:\/\/santemc.quebec\/icentre\/wp-json\/wp\/v2\/media?parent=5416"}],"wp:term":[{"taxonomy":"category","embeddable":true,"href":"https:\/\/santemc.quebec\/icentre\/wp-json\/wp\/v2\/categories?post=5416"},{"taxonomy":"post_tag","embeddable":true,"href":"https:\/\/santemc.quebec\/icentre\/wp-json\/wp\/v2\/tags?post=5416"}],"curies":[{"name":"wp","href":"https:\/\/api.w.org\/{rel}","templated":true}]}}