{"id":5423,"date":"2017-09-21T15:40:49","date_gmt":"2017-09-21T19:40:49","guid":{"rendered":"http:\/\/santemc.quebec\/icentre\/?p=5423"},"modified":"2017-09-21T16:13:59","modified_gmt":"2017-09-21T20:13:59","slug":"venez-courir-avec-moi-vous-avez-jusqua-demain-pour-vous-inscrire-en-route-vers-le-defi-des-generations-contre-le-cancer-avec-mark-bedford","status":"publish","type":"post","link":"https:\/\/santemc.quebec\/icentre\/venez-courir-avec-moi-vous-avez-jusqua-demain-pour-vous-inscrire-en-route-vers-le-defi-des-generations-contre-le-cancer-avec-mark-bedford\/","title":{"rendered":"Venez courir avec moi : vous avez jusqu\u2019\u00e0 ce soir 11 h 59 pour vous inscrire! \u2013 En route vers le D\u00e9fi des g\u00e9n\u00e9rations contre le cancer avec Mark Bedford"},"content":{"rendered":"<div id=\"attachment_5424\" style=\"width: 310px\" class=\"wp-caption alignleft\"><a href=\"http:\/\/santemc.quebec\/santemc\/icentre\/wp-content\/uploads\/2017\/09\/Billet12_defi_generations.jpg\"><img aria-describedby=\"caption-attachment-5424\" decoding=\"async\" loading=\"lazy\" class=\"size-medium wp-image-5424\" src=\"http:\/\/santemc.quebec\/santemc\/icentre\/wp-content\/uploads\/2017\/09\/Billet12_defi_generations-300x205.jpg\" alt=\"\" width=\"300\" height=\"205\" srcset=\"https:\/\/santemc.quebec\/santemc\/icentre\/wp-content\/uploads\/2017\/09\/Billet12_defi_generations-300x205.jpg 300w, https:\/\/santemc.quebec\/santemc\/icentre\/wp-content\/uploads\/2017\/09\/Billet12_defi_generations-768x526.jpg 768w, https:\/\/santemc.quebec\/santemc\/icentre\/wp-content\/uploads\/2017\/09\/Billet12_defi_generations-1024x701.jpg 1024w, https:\/\/santemc.quebec\/santemc\/icentre\/wp-content\/uploads\/2017\/09\/Billet12_defi_generations-438x300.jpg 438w\" sizes=\"(max-width: 300px) 100vw, 300px\" \/><\/a><p id=\"caption-attachment-5424\" class=\"wp-caption-text\">Au tout d\u00e9but de cette grande aventure avec Jos\u00e9e Lavigueur et Nathalie Toupin, survivante du cancer du sein qui avait couru au D\u00e9fi l\u2019an dernier. Elle courra encore cette ann\u00e9e\u2026 et moi aussi!<\/p><\/div>\n<p>Depuis maintenant cinq mois, vous suivez mon entra\u00eenement en vue du D\u00e9fi des g\u00e9n\u00e9rations contre le cancer qui aura lieu le 30 septembre prochain. J\u2019ai partag\u00e9 avec vous mon histoire, avec ses hauts et ses bas. Vous avez \u00e9t\u00e9 t\u00e9moin des difficult\u00e9s que l\u2019on rencontre lorsque l\u2019on remet l\u2019activit\u00e9 physique \u00e0 l\u2019ordre du jour apr\u00e8s un \u00e9pisode de leuc\u00e9mie.<\/p>\n<p><!--more--><\/p>\n<p>J\u2019ai mis beaucoup de temps, d\u2019\u00e9nergie et de sueur \u00e0 m\u2019entra\u00eener. Je ne veux pas d\u00e9cevoir ma famille, mes amis, mes coll\u00e8gues et l\u2019\u00e9quipe de professionnels de la Clinique de r\u00e9adaptation du Faubourg qui me suivent depuis le d\u00e9but de l\u2019aventure et qui savent que cet \u00e9v\u00e9nement repr\u00e9sente bien plus qu\u2019un simple d\u00e9fi sportif! Et surtout, je ne veux pas ME d\u00e9cevoir. Pour moi, c\u2019est la fin d\u2019un \u00e9pisode de vie qui aura dur\u00e9 trois ans. Trois ann\u00e9es durant lesquelles j\u2019ai combattu une leuc\u00e9mie aig\u00fce. Aujourd\u2019hui, je me suis r\u00e9appropri\u00e9 une vie \u00ab\u00a0normale\u00a0\u00bb avec le lot de transformations qu\u2019une telle \u00e9preuve peut apporter.<\/p>\n<p>Aujourd\u2019hui, le jour J est \u00e0 nos portes! Et apr\u00e8s m\u2019avoir lu durant tant de semaines, je vous invite \u00e0 courir avec moi le 30 septembre prochain \u00e0 Brossard. Je serai honor\u00e9 de vous rencontrer! En plus de participer \u00e0 un \u00e9v\u00e9nement festif et familial, vous le ferez pour aider tous ceux et celles qui se battent contre le cancer. Et savoir que l\u2019on n\u2019est pas seul dans la maladie, c\u2019est une bouff\u00e9e d\u2019\u00e9nergie dans les moments les plus difficiles!<\/p>\n<p>Je vous attends donc au D\u00e9fi des g\u00e9n\u00e9rations contre le cancer! Mais d\u00e9p\u00eachez-vous, les inscriptions en ligne se terminent demain! \ud83d\ude09<\/p>\n<p>Rendez-vous au <a href=\"http:\/\/FHCLM.CA\/DEFI\" target=\"_blank\" rel=\"noopener\">FHCLM.CA\/DEFI<\/a><\/p>\n<p>Alors, on se voit le 30 septembre?<\/p>\n<p><a href=\"http:\/\/www.fhclm.ca\/blogue\/\" target=\"_blank\" rel=\"noopener\">http:\/\/www.fhclm.ca\/blogue\/<\/a><\/p>\n","protected":false},"excerpt":{"rendered":"<p>Depuis maintenant cinq mois, vous suivez mon entra\u00eenement en vue du D\u00e9fi des g\u00e9n\u00e9rations contre le cancer qui aura lieu le 30 septembre prochain. J\u2019ai partag\u00e9 avec vous mon histoire, avec ses hauts et ses bas. Vous avez \u00e9t\u00e9 t\u00e9moin &hellip; <a href=\"https:\/\/santemc.quebec\/icentre\/venez-courir-avec-moi-vous-avez-jusqua-demain-pour-vous-inscrire-en-route-vers-le-defi-des-generations-contre-le-cancer-avec-mark-bedford\/\">Continuer la lecture <span class=\"meta-nav\">&rarr;<\/span><\/a><\/p>\n","protected":false},"author":9,"featured_media":0,"comment_status":"open","ping_status":"closed","sticky":false,"template":"","format":"standard","meta":{"footnotes":""},"categories":[1],"tags":[],"_links":{"self":[{"href":"https:\/\/santemc.quebec\/icentre\/wp-json\/wp\/v2\/posts\/5423"}],"collection":[{"href":"https:\/\/santemc.quebec\/icentre\/wp-json\/wp\/v2\/posts"}],"about":[{"href":"https:\/\/santemc.quebec\/icentre\/wp-json\/wp\/v2\/types\/post"}],"author":[{"embeddable":true,"href":"https:\/\/santemc.quebec\/icentre\/wp-json\/wp\/v2\/users\/9"}],"replies":[{"embeddable":true,"href":"https:\/\/santemc.quebec\/icentre\/wp-json\/wp\/v2\/comments?post=5423"}],"version-history":[{"count":2,"href":"https:\/\/santemc.quebec\/icentre\/wp-json\/wp\/v2\/posts\/5423\/revisions"}],"predecessor-version":[{"id":5426,"href":"https:\/\/santemc.quebec\/icentre\/wp-json\/wp\/v2\/posts\/5423\/revisions\/5426"}],"wp:attachment":[{"href":"https:\/\/santemc.quebec\/icentre\/wp-json\/wp\/v2\/media?parent=5423"}],"wp:term":[{"taxonomy":"category","embeddable":true,"href":"https:\/\/santemc.quebec\/icentre\/wp-json\/wp\/v2\/categories?post=5423"},{"taxonomy":"post_tag","embeddable":true,"href":"https:\/\/santemc.quebec\/icentre\/wp-json\/wp\/v2\/tags?post=5423"}],"curies":[{"name":"wp","href":"https:\/\/api.w.org\/{rel}","templated":true}]}}