{"id":5427,"date":"2017-09-22T14:53:04","date_gmt":"2017-09-22T18:53:04","guid":{"rendered":"http:\/\/santemc.quebec\/icentre\/?p=5427"},"modified":"2017-09-22T15:09:25","modified_gmt":"2017-09-22T19:09:25","slug":"performance-des-urgences-des-ameliorations-significatives","status":"publish","type":"post","link":"https:\/\/santemc.quebec\/icentre\/performance-des-urgences-des-ameliorations-significatives\/","title":{"rendered":"Performance des urgences : des am\u00e9liorations significatives"},"content":{"rendered":"<p>Bonjour,<\/p>\n<p>Par la pr\u00e9sente, nous d\u00e9sirons souligner la port\u00e9e des efforts d\u00e9ploy\u00e9s par les diff\u00e9rentes \u00e9quipes en lien avec la performance des deux urgences de notre organisation. En effet, les plus r\u00e9cents r\u00e9sultats traduisent une diminution significative de la dur\u00e9e moyenne de s\u00e9jour (DMS) ainsi que du nombre de patients dont le s\u00e9jour sur civi\u00e8re d\u00e9passe les 24 heures.<\/p>\n<p><!--more--><\/p>\n<p>Pour la m\u00eame p\u00e9riode (p\u00e9riode 6), la DMS sur civi\u00e8re est pass\u00e9e de 20,1 heures en 2016 \u00e0 14,3 heures en 2017 \u00e0 l\u2019H\u00f4pital Charles-Le\u00a0Moyne (HCLM) et de 17 heures \u00e0 10,6 heures du c\u00f4t\u00e9 de l\u2019H\u00f4pital du Haut-Richelieu (HHR). Le nombre de \u00ab\u00a024h\u00a0\u00bb a, lui aussi, connu une baisse impressionnante de 72 % \u00e0 l\u2019HCLM et de 74 % \u00e0 l\u2019HHR. Ce portrait que nous dressons avec fiert\u00e9 va bien au-del\u00e0 des statistiques\u00a0: il traduit l\u2019am\u00e9lioration concr\u00e8te et signifiante de l\u2019exp\u00e9rience-patient que vivent les usagers dans nos deux services d\u2019urgence et dans l\u2019ensemble de notre continuum de soins.<\/p>\n<p>Bien que les chiffres encourageants que nous publions aujourd\u2019hui ciblent directement nos deux urgences, cette am\u00e9lioration de la performance met \u00e9galement en lumi\u00e8re le r\u00e9sultat du travail de nos \u00e9quipes et de nos m\u00e9decins, ainsi que les efforts investis dans l\u2019ensemble des directions de l\u2019organisation afin de constamment am\u00e9liorer l\u2019acc\u00e8s et la qualit\u00e9 de nos services, et cela, au b\u00e9n\u00e9fice de nos usagers.<\/p>\n<p>Afin de souligner les retomb\u00e9es importantes de cette mobilisation collective, les membres du conseil d\u2019administration ont adopt\u00e9, lors de la s\u00e9ance du 21 septembre, une r\u00e9solution afin de f\u00e9liciter les \u00e9quipes et de souligner les r\u00e9sultats obtenus.<\/p>\n<p>C\u2019est donc en notre nom personnel et au nom des membres du conseil d\u2019administration que nous vous adressons nos plus sinc\u00e8res remerciements et f\u00e9licitations.<\/p>\n<p>Merci \u00e0 tous!<\/p>\n<p>Richard Deschamps, pr\u00e9sident-directeur g\u00e9n\u00e9ral<br \/>\nLes membres du conseil d\u2019administration<br \/>\nLise Pouliot, pr\u00e9sidente-directrice g\u00e9n\u00e9rale adjointe, programme sant\u00e9 physique g\u00e9n\u00e9rale et sp\u00e9cialis\u00e9e<\/p>\n<p>&nbsp;<\/p>\n","protected":false},"excerpt":{"rendered":"<p>Bonjour, Par la pr\u00e9sente, nous d\u00e9sirons souligner la port\u00e9e des efforts d\u00e9ploy\u00e9s par les diff\u00e9rentes \u00e9quipes en lien avec la performance des deux urgences de notre organisation. En effet, les plus r\u00e9cents r\u00e9sultats traduisent une diminution significative de la dur\u00e9e &hellip; <a href=\"https:\/\/santemc.quebec\/icentre\/performance-des-urgences-des-ameliorations-significatives\/\">Continuer la lecture <span class=\"meta-nav\">&rarr;<\/span><\/a><\/p>\n","protected":false},"author":9,"featured_media":0,"comment_status":"open","ping_status":"closed","sticky":false,"template":"","format":"standard","meta":{"footnotes":""},"categories":[1],"tags":[],"_links":{"self":[{"href":"https:\/\/santemc.quebec\/icentre\/wp-json\/wp\/v2\/posts\/5427"}],"collection":[{"href":"https:\/\/santemc.quebec\/icentre\/wp-json\/wp\/v2\/posts"}],"about":[{"href":"https:\/\/santemc.quebec\/icentre\/wp-json\/wp\/v2\/types\/post"}],"author":[{"embeddable":true,"href":"https:\/\/santemc.quebec\/icentre\/wp-json\/wp\/v2\/users\/9"}],"replies":[{"embeddable":true,"href":"https:\/\/santemc.quebec\/icentre\/wp-json\/wp\/v2\/comments?post=5427"}],"version-history":[{"count":2,"href":"https:\/\/santemc.quebec\/icentre\/wp-json\/wp\/v2\/posts\/5427\/revisions"}],"predecessor-version":[{"id":5429,"href":"https:\/\/santemc.quebec\/icentre\/wp-json\/wp\/v2\/posts\/5427\/revisions\/5429"}],"wp:attachment":[{"href":"https:\/\/santemc.quebec\/icentre\/wp-json\/wp\/v2\/media?parent=5427"}],"wp:term":[{"taxonomy":"category","embeddable":true,"href":"https:\/\/santemc.quebec\/icentre\/wp-json\/wp\/v2\/categories?post=5427"},{"taxonomy":"post_tag","embeddable":true,"href":"https:\/\/santemc.quebec\/icentre\/wp-json\/wp\/v2\/tags?post=5427"}],"curies":[{"name":"wp","href":"https:\/\/api.w.org\/{rel}","templated":true}]}}