{"id":5436,"date":"2017-09-29T10:44:44","date_gmt":"2017-09-29T14:44:44","guid":{"rendered":"http:\/\/santemc.quebec\/icentre\/?p=5436"},"modified":"2017-09-29T10:48:34","modified_gmt":"2017-09-29T14:48:34","slug":"jai-vecu-la-maladie-ma-famille-la-subie-en-route-vers-le-defi-des-generations-contre-le-cancer-avec-mark-bedford","status":"publish","type":"post","link":"https:\/\/santemc.quebec\/icentre\/jai-vecu-la-maladie-ma-famille-la-subie-en-route-vers-le-defi-des-generations-contre-le-cancer-avec-mark-bedford\/","title":{"rendered":"J\u2019ai v\u00e9cu la maladie. Ma famille l\u2019a subie. \u2013 En route vers le D\u00e9fi des g\u00e9n\u00e9rations contre le cancer avec Mark Bedford"},"content":{"rendered":"<div id=\"attachment_5437\" style=\"width: 160px\" class=\"wp-caption alignleft\"><a href=\"http:\/\/santemc.quebec\/santemc\/icentre\/wp-content\/uploads\/2017\/09\/Billet13.jpg\"><img aria-describedby=\"caption-attachment-5437\" decoding=\"async\" loading=\"lazy\" class=\"wp-image-5437 size-thumbnail\" src=\"http:\/\/santemc.quebec\/santemc\/icentre\/wp-content\/uploads\/2017\/09\/Billet13-150x150.jpg\" alt=\"\" width=\"150\" height=\"150\" \/><\/a><p id=\"caption-attachment-5437\" class=\"wp-caption-text\">Ma belle grande Laurie Anne avec sa nouvelle coupe de cheveux.<\/p><\/div>\n<p>On me demande souvent ce que j\u2019ai trouv\u00e9 le plus difficile durant toute cette p\u00e9riode de maladie. Les effets de la chimioth\u00e9rapie? La fatigue? La peur de ne pas m\u2019en sortir? Bien s\u00fbr, tous ces \u00e9l\u00e9ments n\u2019ont pas \u00e9t\u00e9 faciles \u00e0 vivre. Mais le moment le plus difficile a \u00e9t\u00e9 le 10<sup>e<\/sup> anniversaire de ma fille que j\u2019ai d\u00fb c\u00e9l\u00e9brer \u00e0 l\u2019H\u00f4pital.<\/p>\n<p><!--more--><\/p>\n<p>Quand on est parent, on prend soin de nos enfants. On les reconduit \u00e0 l\u2019\u00e9cole, \u00e0 leurs cours de natation, chez des amis. On est fort et toujours pr\u00e9sent pour eux. On ne s\u2019imagine pas qu\u2019un jour, alors qu\u2019ils sont encore jeunes, on ne pourra plus s\u2019en occuper.<\/p>\n<p>Un 10<sup>e<\/sup> anniversaire est un moment important dans la vie d\u2019un enfant et jamais je n\u2019aurais pu m\u2019imaginer que je vivrais celui de ma fille dans mon lit d\u2019h\u00f4pital. En plus, c\u2019\u00e9tait une bien mauvaise journ\u00e9e. J\u2019\u00e9tais au plus bas \u00e0 cause de la chimio et j\u2019\u00e9tais totalement \u00e9puis\u00e9.<\/p>\n<p>Mais ma grande a fait quelque chose d\u2019extraordinaire! La semaine pr\u00e9c\u00e9dente, elle m\u2019avait ras\u00e9 les cheveux, avant que je les perde. Et pour me d\u00e9montrer son appui et m\u2019encourager dans mon combat, elle a tenu \u00e0 se faire raser le cot\u00e9 de la t\u00eate! D\u2019ailleurs, ce geste a \u00e9t\u00e9 si percutant qu\u2019elle a litt\u00e9ralement d\u00e9marr\u00e9 une mode \u00e0 son \u00e9cole. Elle \u00e9tait fi\u00e8re de dire \u00e0 ses amis que c\u2019\u00e9tait en support \u00e0 son papounet.<\/p>\n<p>J\u2019ai aussi un beau grand gar\u00e7on qui faisait son entr\u00e9e au secondaire dans un programme international. Il est rest\u00e9 fort et m\u2019a toujours d\u00e9montr\u00e9 beaucoup de soutien. Maintenant que je suis de retour \u00e0 la maison et en forme, je peux recommencer \u00e0 m\u2019occuper d\u2019eux\u2026 m\u00eame si, \u00e0 13 et 15 ans, ils ont un peu moins envie que je le fasse! Mais je me console en me disant qu\u2019ils vont courir la t\u00eate haute et le c\u0153ur l\u00e9ger \u00e0 mes c\u00f4t\u00e9s le 30 septembre prochain lors du D\u00e9fi des g\u00e9n\u00e9rations contre le cancer. Et papa sera pas mal fier de ses h\u00e9ritiers!<\/p>\n<p><a href=\"http:\/\/www.fhclm.ca\/blogue\/\" target=\"_blank\" rel=\"noopener\">http:\/\/www.fhclm.ca\/blogue\/<\/a><\/p>\n","protected":false},"excerpt":{"rendered":"<p>On me demande souvent ce que j\u2019ai trouv\u00e9 le plus difficile durant toute cette p\u00e9riode de maladie. Les effets de la chimioth\u00e9rapie? La fatigue? La peur de ne pas m\u2019en sortir? Bien s\u00fbr, tous ces \u00e9l\u00e9ments n\u2019ont pas \u00e9t\u00e9 faciles &hellip; <a href=\"https:\/\/santemc.quebec\/icentre\/jai-vecu-la-maladie-ma-famille-la-subie-en-route-vers-le-defi-des-generations-contre-le-cancer-avec-mark-bedford\/\">Continuer la lecture <span class=\"meta-nav\">&rarr;<\/span><\/a><\/p>\n","protected":false},"author":9,"featured_media":0,"comment_status":"open","ping_status":"closed","sticky":false,"template":"","format":"standard","meta":{"footnotes":""},"categories":[1],"tags":[],"_links":{"self":[{"href":"https:\/\/santemc.quebec\/icentre\/wp-json\/wp\/v2\/posts\/5436"}],"collection":[{"href":"https:\/\/santemc.quebec\/icentre\/wp-json\/wp\/v2\/posts"}],"about":[{"href":"https:\/\/santemc.quebec\/icentre\/wp-json\/wp\/v2\/types\/post"}],"author":[{"embeddable":true,"href":"https:\/\/santemc.quebec\/icentre\/wp-json\/wp\/v2\/users\/9"}],"replies":[{"embeddable":true,"href":"https:\/\/santemc.quebec\/icentre\/wp-json\/wp\/v2\/comments?post=5436"}],"version-history":[{"count":4,"href":"https:\/\/santemc.quebec\/icentre\/wp-json\/wp\/v2\/posts\/5436\/revisions"}],"predecessor-version":[{"id":5441,"href":"https:\/\/santemc.quebec\/icentre\/wp-json\/wp\/v2\/posts\/5436\/revisions\/5441"}],"wp:attachment":[{"href":"https:\/\/santemc.quebec\/icentre\/wp-json\/wp\/v2\/media?parent=5436"}],"wp:term":[{"taxonomy":"category","embeddable":true,"href":"https:\/\/santemc.quebec\/icentre\/wp-json\/wp\/v2\/categories?post=5436"},{"taxonomy":"post_tag","embeddable":true,"href":"https:\/\/santemc.quebec\/icentre\/wp-json\/wp\/v2\/tags?post=5436"}],"curies":[{"name":"wp","href":"https:\/\/api.w.org\/{rel}","templated":true}]}}