{"id":5442,"date":"2017-09-29T11:17:28","date_gmt":"2017-09-29T15:17:28","guid":{"rendered":"http:\/\/santemc.quebec\/icentre\/?p=5442"},"modified":"2017-09-29T11:17:28","modified_gmt":"2017-09-29T15:17:28","slug":"3-ans-de-realisations-pour-une-communaute-en-sante","status":"publish","type":"post","link":"https:\/\/santemc.quebec\/icentre\/3-ans-de-realisations-pour-une-communaute-en-sante\/","title":{"rendered":"\u00ab 3 ans de r\u00e9alisations pour une communaut\u00e9 en sant\u00e9 \u00bb"},"content":{"rendered":"<p>C\u2019est sous ce th\u00e8me que se sont rassembl\u00e9s, le 28 septembre, les diff\u00e9rents partenaires ayant contribu\u00e9, depuis 3 ans, au d\u00e9ploiement d\u2019initiatives visant \u00e0 favoriser de saines habitudes de vie sur le territoire de la Ville de Longueuil. Le CISSS de la Mont\u00e9r\u00e9gie-Centre collabore activement \u00e0 ce partenariat par le biais de son \u00e9quipe locale de sant\u00e9 publique en promotion-pr\u00e9vention,\u00a0compos\u00e9e de Mmes Nadine Genevi\u00e8ve Desjardins, organisatrice communautaire, Karolyne Baril, kin\u00e9siologue, et Joanne Martin, nutritionniste.<\/p>\n<p><!--more--><\/p>\n<p>Le Regroupement en saines habitudes de vie de Longueuil (RSHVL) a \u00e9t\u00e9 constitu\u00e9 en 2014 afin de promouvoir l\u2019adoption et le maintien d\u2019une saine alimentation et d\u2019un mode de vie actif chez les jeunes Longueuillois de 0 \u00e0 21 ans et leur famille. Il se compose de collaborateurs des milieux de la sant\u00e9, de l\u2019\u00e9ducation, municipal ainsi que l\u2019organisme Loisir et Sport Mont\u00e9r\u00e9gie. Soutenu financi\u00e8rement par Qu\u00e9bec en Forme, le RSHVL a r\u00e9alis\u00e9 trois plans d\u2019action entre 2014 et 2017 visant \u00e0 favoriser des changements durables dans les milieux de vie \u00e0 l\u2019\u00e9gard des saines habitudes de vie.<\/p>\n<p>Pour avoir un aper\u00e7u de certaines initiatives\u00a0du regroupement, vous pouvez consulter <a href=\"http:\/\/santemc.quebec\/santemc\/icentre\/wp-content\/uploads\/2017\/09\/SHVLongueuil-Feuillet_urbanismel.pdf\">ce document.<\/a><\/p>\n<p style=\"text-align: center;\"><a href=\"http:\/\/santemc.quebec\/santemc\/icentre\/wp-content\/uploads\/2017\/09\/5a7Longueuil_20170928.jpg\"><img decoding=\"async\" loading=\"lazy\" class=\"aligncenter wp-image-5444 size-large\" src=\"http:\/\/santemc.quebec\/santemc\/icentre\/wp-content\/uploads\/2017\/09\/5a7Longueuil_20170928-1024x369.jpg\" alt=\"\" width=\"584\" height=\"210\" srcset=\"https:\/\/santemc.quebec\/santemc\/icentre\/wp-content\/uploads\/2017\/09\/5a7Longueuil_20170928-1024x369.jpg 1024w, https:\/\/santemc.quebec\/santemc\/icentre\/wp-content\/uploads\/2017\/09\/5a7Longueuil_20170928-300x108.jpg 300w, https:\/\/santemc.quebec\/santemc\/icentre\/wp-content\/uploads\/2017\/09\/5a7Longueuil_20170928-768x277.jpg 768w, https:\/\/santemc.quebec\/santemc\/icentre\/wp-content\/uploads\/2017\/09\/5a7Longueuil_20170928-500x180.jpg 500w\" sizes=\"(max-width: 584px) 100vw, 584px\" \/><\/a><\/p>\n","protected":false},"excerpt":{"rendered":"<p>C\u2019est sous ce th\u00e8me que se sont rassembl\u00e9s, le 28 septembre, les diff\u00e9rents partenaires ayant contribu\u00e9, depuis 3 ans, au d\u00e9ploiement d\u2019initiatives visant \u00e0 favoriser de saines habitudes de vie sur le territoire de la Ville de Longueuil. Le CISSS &hellip; <a href=\"https:\/\/santemc.quebec\/icentre\/3-ans-de-realisations-pour-une-communaute-en-sante\/\">Continuer la lecture <span class=\"meta-nav\">&rarr;<\/span><\/a><\/p>\n","protected":false},"author":9,"featured_media":0,"comment_status":"open","ping_status":"closed","sticky":false,"template":"","format":"standard","meta":{"footnotes":""},"categories":[1],"tags":[],"_links":{"self":[{"href":"https:\/\/santemc.quebec\/icentre\/wp-json\/wp\/v2\/posts\/5442"}],"collection":[{"href":"https:\/\/santemc.quebec\/icentre\/wp-json\/wp\/v2\/posts"}],"about":[{"href":"https:\/\/santemc.quebec\/icentre\/wp-json\/wp\/v2\/types\/post"}],"author":[{"embeddable":true,"href":"https:\/\/santemc.quebec\/icentre\/wp-json\/wp\/v2\/users\/9"}],"replies":[{"embeddable":true,"href":"https:\/\/santemc.quebec\/icentre\/wp-json\/wp\/v2\/comments?post=5442"}],"version-history":[{"count":1,"href":"https:\/\/santemc.quebec\/icentre\/wp-json\/wp\/v2\/posts\/5442\/revisions"}],"predecessor-version":[{"id":5445,"href":"https:\/\/santemc.quebec\/icentre\/wp-json\/wp\/v2\/posts\/5442\/revisions\/5445"}],"wp:attachment":[{"href":"https:\/\/santemc.quebec\/icentre\/wp-json\/wp\/v2\/media?parent=5442"}],"wp:term":[{"taxonomy":"category","embeddable":true,"href":"https:\/\/santemc.quebec\/icentre\/wp-json\/wp\/v2\/categories?post=5442"},{"taxonomy":"post_tag","embeddable":true,"href":"https:\/\/santemc.quebec\/icentre\/wp-json\/wp\/v2\/tags?post=5442"}],"curies":[{"name":"wp","href":"https:\/\/api.w.org\/{rel}","templated":true}]}}