{"id":5446,"date":"2017-10-02T09:17:18","date_gmt":"2017-10-02T13:17:18","guid":{"rendered":"http:\/\/santemc.quebec\/icentre\/?p=5446"},"modified":"2017-10-02T11:35:48","modified_gmt":"2017-10-02T15:35:48","slug":"le-cisss-au-rendez-vous-de-la-semaine-annuelle-des-droits-des-usagers","status":"publish","type":"post","link":"https:\/\/santemc.quebec\/icentre\/le-cisss-au-rendez-vous-de-la-semaine-annuelle-des-droits-des-usagers\/","title":{"rendered":"Le CISSS au rendez-vous de la Semaine annuelle des droits des usagers"},"content":{"rendered":"<div id=\"attachment_5447\" style=\"width: 310px\" class=\"wp-caption alignleft\"><a href=\"http:\/\/santemc.quebec\/santemc\/icentre\/wp-content\/uploads\/2017\/09\/maladie_Alzheimer.jpg\"><img aria-describedby=\"caption-attachment-5447\" decoding=\"async\" loading=\"lazy\" class=\"wp-image-5447 size-medium\" src=\"http:\/\/santemc.quebec\/santemc\/icentre\/wp-content\/uploads\/2017\/09\/maladie_Alzheimer-300x225.jpg\" alt=\"\" width=\"300\" height=\"225\" srcset=\"https:\/\/santemc.quebec\/santemc\/icentre\/wp-content\/uploads\/2017\/09\/maladie_Alzheimer-300x225.jpg 300w, https:\/\/santemc.quebec\/santemc\/icentre\/wp-content\/uploads\/2017\/09\/maladie_Alzheimer-768x576.jpg 768w, https:\/\/santemc.quebec\/santemc\/icentre\/wp-content\/uploads\/2017\/09\/maladie_Alzheimer-1024x768.jpg 1024w, https:\/\/santemc.quebec\/santemc\/icentre\/wp-content\/uploads\/2017\/09\/maladie_Alzheimer-400x300.jpg 400w\" sizes=\"(max-width: 300px) 100vw, 300px\" \/><\/a><p id=\"caption-attachment-5447\" class=\"wp-caption-text\">Une photo prise lors de la conf\u00e9rence portant sur la maladie d&rsquo;Alzheimer : l&rsquo;une des activit\u00e9s organis\u00e9es par le comit\u00e9 des usagers du RLS du Haut-Richelieu\u2013Rouville.<\/p><\/div>\n<p style=\"text-align: left;\">L\u2019\u00e9dition 2017 de la Semaine des droits des usagers du r\u00e9seau de la sant\u00e9 et des services sociaux s\u2019est tenue du 21 au 29 septembre 2017 sous le th\u00e8me\u00a0: le droit aux services. Cet \u00e9v\u00e9nement fut l\u2019occasion pour les comit\u00e9s des usagers, les comit\u00e9s de r\u00e9sidents et le commissariat aux plaintes et \u00e0 la qualit\u00e9 des services de joindre leurs forces afin de renseigner les usagers sur leurs droits et de mettre en valeur le travail r\u00e9alis\u00e9 au sein de notre \u00e9tablissement.<\/p>\n<p><!--more--><\/p>\n<p>C\u2019est dans cet esprit qu\u2019une panoplie d\u2019activit\u00e9s informatives ont \u00e9t\u00e9 organis\u00e9es dans nos installations. Des conf\u00e9rences portant sur diff\u00e9rentes notions telles que\u00a0les repr\u00e9sailles, les droits, l\u2019inaptitude, la d\u00e9mence, et autres, ont notamment \u00e9t\u00e9 tenues au RLS du Haut-Richelieu. Aussi, des kiosques d\u2019information \u00e9taient pr\u00e9sents dans les CLSC du RLS du Haut-Richelieu-Rouville et dans les deux centres hospitaliers du CISSS.<\/p>\n<div id=\"attachment_5448\" style=\"width: 310px\" class=\"wp-caption alignright\"><a href=\"http:\/\/santemc.quebec\/santemc\/icentre\/wp-content\/uploads\/2017\/09\/kiosque_CLSCRichelieu.jpg\"><img aria-describedby=\"caption-attachment-5448\" decoding=\"async\" loading=\"lazy\" class=\"wp-image-5448 size-medium\" src=\"http:\/\/santemc.quebec\/santemc\/icentre\/wp-content\/uploads\/2017\/09\/kiosque_CLSCRichelieu-300x225.jpg\" alt=\"\" width=\"300\" height=\"225\" srcset=\"https:\/\/santemc.quebec\/santemc\/icentre\/wp-content\/uploads\/2017\/09\/kiosque_CLSCRichelieu-300x225.jpg 300w, https:\/\/santemc.quebec\/santemc\/icentre\/wp-content\/uploads\/2017\/09\/kiosque_CLSCRichelieu.jpg 320w\" sizes=\"(max-width: 300px) 100vw, 300px\" \/><\/a><p id=\"caption-attachment-5448\" class=\"wp-caption-text\">Une photo prise lors du kiosque tenu au CLSC du Richelieu : une autre des activit\u00e9s organis\u00e9es par le comit\u00e9 des usagers du RLS du Haut-Richelieu\u2013Rouville.<\/p><\/div>\n<p>Dans les CHSLD, les comit\u00e9s des r\u00e9sidents du CISSS, en collaboration avec le commissariat aux plaintes et \u00e0 la qualit\u00e9 des services, ont propos\u00e9 diverses activit\u00e9s favorisant la participation des r\u00e9sidents et leurs proches. \u00c0 cet effet, il est essentiel de souligner le soutien apport\u00e9 par les techniciens en loisirs, les b\u00e9n\u00e9voles ainsi que les chefs d\u2019unit\u00e9s chapeaut\u00e9s par la direction SAPA. Sans leur d\u00e9vouement envers les r\u00e9sidents et leurs familles, ces activit\u00e9s n\u2019auraient pas connu un tel succ\u00e8s.<\/p>\n<p>Encore cette ann\u00e9e, nous pouvons affirmer que le CISSS \u00e9tait bien au rendez-vous de cette \u00e9dition de la Semaine des droits\u00a0des usagers!<\/p>\n<p>&nbsp;<\/p>\n<div id=\"attachment_5459\" style=\"width: 310px\" class=\"wp-caption alignleft\"><a href=\"http:\/\/santemc.quebec\/santemc\/icentre\/wp-content\/uploads\/2017\/09\/Kiosque-HCLM3.jpg\"><img aria-describedby=\"caption-attachment-5459\" decoding=\"async\" loading=\"lazy\" class=\"wp-image-5459 size-medium\" src=\"http:\/\/santemc.quebec\/santemc\/icentre\/wp-content\/uploads\/2017\/09\/Kiosque-HCLM3-300x189.jpg\" alt=\"\" width=\"300\" height=\"189\" srcset=\"https:\/\/santemc.quebec\/santemc\/icentre\/wp-content\/uploads\/2017\/09\/Kiosque-HCLM3-300x189.jpg 300w, https:\/\/santemc.quebec\/santemc\/icentre\/wp-content\/uploads\/2017\/09\/Kiosque-HCLM3-475x300.jpg 475w, https:\/\/santemc.quebec\/santemc\/icentre\/wp-content\/uploads\/2017\/09\/Kiosque-HCLM3.jpg 510w\" sizes=\"(max-width: 300px) 100vw, 300px\" \/><\/a><p id=\"caption-attachment-5459\" class=\"wp-caption-text\">Une photo prise lors du kiosque tenu par le comit\u00e9 des usagers du RLS de Champlain, dans le hall de l&rsquo;H\u00f4pital Charles-Le Moyne.<\/p><\/div>\n<div id=\"attachment_5458\" style=\"width: 310px\" class=\"wp-caption alignright\"><a href=\"http:\/\/santemc.quebec\/santemc\/icentre\/wp-content\/uploads\/2017\/09\/Kiosque-HCLM2.jpg\"><img aria-describedby=\"caption-attachment-5458\" decoding=\"async\" loading=\"lazy\" class=\"wp-image-5458 size-medium\" src=\"http:\/\/santemc.quebec\/santemc\/icentre\/wp-content\/uploads\/2017\/09\/Kiosque-HCLM2-300x190.jpg\" alt=\"\" width=\"300\" height=\"190\" srcset=\"https:\/\/santemc.quebec\/santemc\/icentre\/wp-content\/uploads\/2017\/09\/Kiosque-HCLM2-300x190.jpg 300w, https:\/\/santemc.quebec\/santemc\/icentre\/wp-content\/uploads\/2017\/09\/Kiosque-HCLM2-473x300.jpg 473w, https:\/\/santemc.quebec\/santemc\/icentre\/wp-content\/uploads\/2017\/09\/Kiosque-HCLM2.jpg 567w\" sizes=\"(max-width: 300px) 100vw, 300px\" \/><\/a><p id=\"caption-attachment-5458\" class=\"wp-caption-text\">Une deuxi\u00e8me photo prise lors de ce m\u00eame \u00e9v\u00e9nement, tenu le 28 septembre. Cet \u00e9v\u00e9nement a \u00e9t\u00e9 organis\u00e9 par le comit\u00e9 des usagers du RLS de Champlain.<\/p><\/div>\n<p>&nbsp;<\/p>\n","protected":false},"excerpt":{"rendered":"<p>L\u2019\u00e9dition 2017 de la Semaine des droits des usagers du r\u00e9seau de la sant\u00e9 et des services sociaux s\u2019est tenue du 21 au 29 septembre 2017 sous le th\u00e8me\u00a0: le droit aux services. Cet \u00e9v\u00e9nement fut l\u2019occasion pour les comit\u00e9s &hellip; <a href=\"https:\/\/santemc.quebec\/icentre\/le-cisss-au-rendez-vous-de-la-semaine-annuelle-des-droits-des-usagers\/\">Continuer la lecture <span class=\"meta-nav\">&rarr;<\/span><\/a><\/p>\n","protected":false},"author":9,"featured_media":0,"comment_status":"open","ping_status":"closed","sticky":false,"template":"","format":"standard","meta":{"footnotes":""},"categories":[1],"tags":[],"_links":{"self":[{"href":"https:\/\/santemc.quebec\/icentre\/wp-json\/wp\/v2\/posts\/5446"}],"collection":[{"href":"https:\/\/santemc.quebec\/icentre\/wp-json\/wp\/v2\/posts"}],"about":[{"href":"https:\/\/santemc.quebec\/icentre\/wp-json\/wp\/v2\/types\/post"}],"author":[{"embeddable":true,"href":"https:\/\/santemc.quebec\/icentre\/wp-json\/wp\/v2\/users\/9"}],"replies":[{"embeddable":true,"href":"https:\/\/santemc.quebec\/icentre\/wp-json\/wp\/v2\/comments?post=5446"}],"version-history":[{"count":9,"href":"https:\/\/santemc.quebec\/icentre\/wp-json\/wp\/v2\/posts\/5446\/revisions"}],"predecessor-version":[{"id":5465,"href":"https:\/\/santemc.quebec\/icentre\/wp-json\/wp\/v2\/posts\/5446\/revisions\/5465"}],"wp:attachment":[{"href":"https:\/\/santemc.quebec\/icentre\/wp-json\/wp\/v2\/media?parent=5446"}],"wp:term":[{"taxonomy":"category","embeddable":true,"href":"https:\/\/santemc.quebec\/icentre\/wp-json\/wp\/v2\/categories?post=5446"},{"taxonomy":"post_tag","embeddable":true,"href":"https:\/\/santemc.quebec\/icentre\/wp-json\/wp\/v2\/tags?post=5446"}],"curies":[{"name":"wp","href":"https:\/\/api.w.org\/{rel}","templated":true}]}}