{"id":5453,"date":"2017-09-29T16:03:10","date_gmt":"2017-09-29T20:03:10","guid":{"rendered":"http:\/\/santemc.quebec\/icentre\/?p=5453"},"modified":"2017-09-29T16:08:33","modified_gmt":"2017-09-29T20:08:33","slug":"des-services-de-vaccination-bien-penses-pour-une-population-bien-vaccinee","status":"publish","type":"post","link":"https:\/\/santemc.quebec\/icentre\/des-services-de-vaccination-bien-penses-pour-une-population-bien-vaccinee\/","title":{"rendered":"Des services de vaccination bien pens\u00e9s pour une population bien vaccin\u00e9e"},"content":{"rendered":"<div id=\"attachment_5454\" style=\"width: 310px\" class=\"wp-caption alignleft\"><a href=\"http:\/\/santemc.quebec\/santemc\/icentre\/wp-content\/uploads\/2017\/09\/Photo-journee-vaccination-cisssmc.jpg\"><img aria-describedby=\"caption-attachment-5454\" decoding=\"async\" loading=\"lazy\" class=\"wp-image-5454\" src=\"http:\/\/santemc.quebec\/santemc\/icentre\/wp-content\/uploads\/2017\/09\/Photo-journee-vaccination-cisssmc-300x182.jpg\" alt=\"\" width=\"300\" height=\"182\" srcset=\"https:\/\/santemc.quebec\/santemc\/icentre\/wp-content\/uploads\/2017\/09\/Photo-journee-vaccination-cisssmc-300x182.jpg 300w, https:\/\/santemc.quebec\/santemc\/icentre\/wp-content\/uploads\/2017\/09\/Photo-journee-vaccination-cisssmc-768x466.jpg 768w, https:\/\/santemc.quebec\/santemc\/icentre\/wp-content\/uploads\/2017\/09\/Photo-journee-vaccination-cisssmc-1024x621.jpg 1024w, https:\/\/santemc.quebec\/santemc\/icentre\/wp-content\/uploads\/2017\/09\/Photo-journee-vaccination-cisssmc-495x300.jpg 495w, https:\/\/santemc.quebec\/santemc\/icentre\/wp-content\/uploads\/2017\/09\/Photo-journee-vaccination-cisssmc.jpg 1257w\" sizes=\"(max-width: 300px) 100vw, 300px\" \/><\/a><p id=\"caption-attachment-5454\" class=\"wp-caption-text\">46 employ\u00e9s et gestionnaires du CISSSMC, provenant de 9 directions, ont r\u00e9pondu \u00e0 l\u2019invitation de la DSPu et de la DSI.<\/p><\/div>\n<p>Les services de vaccination du CISSS de la Mont\u00e9r\u00e9gie-Centre sont offerts dans plusieurs installations du territoire et repr\u00e9sentent une vaste organisation \u00e0 laquelle plusieurs directions participent. De plus, ces services visent des client\u00e8les vari\u00e9es\u00a0: des nourrissons aux r\u00e9sidents des CHSLD, en passant par les personnes hospitalis\u00e9es.<!--more--><\/p>\n<p>Afin d\u2019ouvrir le dialogue sur les meilleures pratiques en mati\u00e8re de vaccination, la Direction de sant\u00e9 publique (DSPu) de la Mont\u00e9r\u00e9gie, en collaboration avec la Direction des soins infirmiers (DSI) du CISSSMC, a convi\u00e9 des professionnels et gestionnaires de notre \u00e9tablissement \u00e0 une journ\u00e9e d\u2019\u00e9changes et de r\u00e9flexion ayant pour th\u00e8me <em>Des services de vaccination bien pens\u00e9s pour une population bien vaccin\u00e9e<\/em>.<\/p>\n<p>Le mercredi 27 septembre, ce sont 46 employ\u00e9s et gestionnaires du CISSS, provenant de 9 directions, qui ont r\u00e9pondu \u00e0 l\u2019invitation de la DSPu et de la DSI. Durant la journ\u00e9e, des pr\u00e9sentations et des ateliers ont permis aux participants d\u2019identifier des actions concr\u00e8tes permettant d\u2019optimiser les services de vaccination actuels.<\/p>\n<p>Soulignons que ce travail interdirections exceptionnel s\u2019inscrit dans la foul\u00e9e de l\u2019adoption r\u00e9cente de la politique sur la gouvernance en vaccination par le comit\u00e9 de direction visant une pratique vaccinale optimale et de qualit\u00e9.<\/p>\n<p>La forte participation \u00e0 cette journ\u00e9e th\u00e9matique t\u00e9moigne de l\u2019engagement des professionnels du CISSS de la Mont\u00e9r\u00e9gie-Centre \u00e0 miser sur la pr\u00e9vention pour pr\u00e9server la sant\u00e9 de l\u2019ensemble de la population.<\/p>\n<p>Ensemble, tra\u00e7ons les voies d\u2019avenir de nos services de vaccination.<\/p>\n<p>&nbsp;<\/p>\n","protected":false},"excerpt":{"rendered":"<p>Les services de vaccination du CISSS de la Mont\u00e9r\u00e9gie-Centre sont offerts dans plusieurs installations du territoire et repr\u00e9sentent une vaste organisation \u00e0 laquelle plusieurs directions participent. De plus, ces services visent des client\u00e8les vari\u00e9es\u00a0: des nourrissons aux r\u00e9sidents des CHSLD, &hellip; <a href=\"https:\/\/santemc.quebec\/icentre\/des-services-de-vaccination-bien-penses-pour-une-population-bien-vaccinee\/\">Continuer la lecture <span class=\"meta-nav\">&rarr;<\/span><\/a><\/p>\n","protected":false},"author":8,"featured_media":0,"comment_status":"open","ping_status":"closed","sticky":false,"template":"","format":"standard","meta":{"footnotes":""},"categories":[1],"tags":[],"_links":{"self":[{"href":"https:\/\/santemc.quebec\/icentre\/wp-json\/wp\/v2\/posts\/5453"}],"collection":[{"href":"https:\/\/santemc.quebec\/icentre\/wp-json\/wp\/v2\/posts"}],"about":[{"href":"https:\/\/santemc.quebec\/icentre\/wp-json\/wp\/v2\/types\/post"}],"author":[{"embeddable":true,"href":"https:\/\/santemc.quebec\/icentre\/wp-json\/wp\/v2\/users\/8"}],"replies":[{"embeddable":true,"href":"https:\/\/santemc.quebec\/icentre\/wp-json\/wp\/v2\/comments?post=5453"}],"version-history":[{"count":3,"href":"https:\/\/santemc.quebec\/icentre\/wp-json\/wp\/v2\/posts\/5453\/revisions"}],"predecessor-version":[{"id":5457,"href":"https:\/\/santemc.quebec\/icentre\/wp-json\/wp\/v2\/posts\/5453\/revisions\/5457"}],"wp:attachment":[{"href":"https:\/\/santemc.quebec\/icentre\/wp-json\/wp\/v2\/media?parent=5453"}],"wp:term":[{"taxonomy":"category","embeddable":true,"href":"https:\/\/santemc.quebec\/icentre\/wp-json\/wp\/v2\/categories?post=5453"},{"taxonomy":"post_tag","embeddable":true,"href":"https:\/\/santemc.quebec\/icentre\/wp-json\/wp\/v2\/tags?post=5453"}],"curies":[{"name":"wp","href":"https:\/\/api.w.org\/{rel}","templated":true}]}}