{"id":5466,"date":"2017-10-03T13:35:57","date_gmt":"2017-10-03T17:35:57","guid":{"rendered":"http:\/\/santemc.quebec\/icentre\/?p=5466"},"modified":"2017-10-03T15:39:58","modified_gmt":"2017-10-03T19:39:58","slug":"flash-ca-les-nouvelles-de-la-seance-du-conseil-dadministration-du-2-fevrier-2017-copy-copy-copy","status":"publish","type":"post","link":"https:\/\/santemc.quebec\/icentre\/flash-ca-les-nouvelles-de-la-seance-du-conseil-dadministration-du-2-fevrier-2017-copy-copy-copy\/","title":{"rendered":"Flash CA \u2013 Les nouvelles de la s\u00e9ance du conseil d\u2019administration du 21 septembre 2017"},"content":{"rendered":"<p><strong><img decoding=\"async\" loading=\"lazy\" class=\"alignleft wp-image-1416 size-thumbnail\" src=\"http:\/\/santemc.quebec\/santemc\/icentre\/wp-content\/uploads\/2015\/12\/flashcaicentre-150x150.jpg\" alt=\"flashcaicentre\" width=\"150\" height=\"150\" srcset=\"https:\/\/santemc.quebec\/santemc\/icentre\/wp-content\/uploads\/2015\/12\/flashcaicentre-150x150.jpg 150w, https:\/\/santemc.quebec\/santemc\/icentre\/wp-content\/uploads\/2015\/12\/flashcaicentre-300x300.jpg 300w, https:\/\/santemc.quebec\/santemc\/icentre\/wp-content\/uploads\/2015\/12\/flashcaicentre.jpg 400w\" sizes=\"(max-width: 150px) 100vw, 150px\" \/><\/strong>Le Flash CA revient sur les points d&rsquo;information et les grands dossiers organisationnels qui sont discut\u00e9s aux s\u00e9ances publiques du conseil d\u2019administration du CISSS de la Mont\u00e9r\u00e9gie-Centre.<\/p>\n<p>Consultez aussi la <a href=\"http:\/\/santemc.quebec\/santemc\/icentre\/wp-content\/uploads\/2017\/10\/flash_CA_21sept2017_VF.pdf\" target=\"_blank\" rel=\"noopener\">version PDF du Flash CA.\u00a0<\/a><\/p>\n<p><!--more--><\/p>\n<p>&nbsp;<\/p>\n<p><span style=\"color: #ff6600;\"><strong>R\u00c8GLES DE GOUVERNANCE<br \/>\n<\/strong><\/span>\u00c0 sa derni\u00e8re s\u00e9ance publique, le conseil d\u2019administration a statu\u00e9 sur les r\u00e8gles de gouvernance suivantes\u00a0:<\/p>\n<ul>\n<li>Approbation du R\u00e8glement r\u00e9gissant l\u2019\u00e9mission et l\u2019ex\u00e9cution des ordonnances. Des rencontres se tiendront dans les prochaines semaines avec les diff\u00e9rents d\u00e9partements concern\u00e9s pour assurer une mise en application harmonieuse des nouvelles modalit\u00e9s mises de l\u2019avant.<\/li>\n<li>Adoption de la Politique d\u2019accueil et d\u2019int\u00e9gration des nouveaux membres du conseil d\u2019administration.<\/li>\n<\/ul>\n<p><strong><span style=\"color: #ff6600;\">AFFAIRES PROFESSIONNELLES<br \/>\n<\/span><\/strong><strong>Membres du conseil des m\u00e9decins, dentistes et pharmaciens<br \/>\n<\/strong>Sur recommandation du comit\u00e9 ex\u00e9cutif du conseil des m\u00e9decins, dentistes et pharmaciens (CMDP), le conseil a proc\u00e9d\u00e9 \u00e0\u00a0:<\/p>\n<ul>\n<li>la nomination de huit m\u00e9decins omnipraticiens et sp\u00e9cialistes;<\/li>\n<li>la modification de statut et privil\u00e8ges \u00e0 13 m\u00e9decins.<\/li>\n<\/ul>\n<p>Par ailleurs, il a pris acte de 11 demandes de cong\u00e9 de services qui ont \u00e9t\u00e9 autoris\u00e9es, d\u2019un d\u00e9part \u00e0 la retraite et de la d\u00e9mission de six m\u00e9decins.<\/p>\n<p><strong>Membre du conseil des sages-femmes<br \/>\n<\/strong>Sur recommandation du conseil des sages-femmes, le conseil a autoris\u00e9 la modification au contrat de service d\u2019une sage-femme.<\/p>\n<p><strong>Optom\u00e9tristes \u00e0 l\u2019Institut Nazareth et Louis-Braille<br \/>\n<\/strong>Une nouvelle optom\u00e9triste a \u00e9t\u00e9 nomm\u00e9e et 15 autres ont vu leur nomination renouvel\u00e9e.<\/p>\n<p><strong>Exercice de la recherche<br \/>\n<\/strong>Tout membre du personnel doit d\u00e9tenir un privil\u00e8ge d\u2019exercice de la recherche pour conduire un projet de recherche au sein de l\u2019\u00e9tablissement. Ayant r\u00e9pondu aux exigences \u00e9dict\u00e9es par le Cadre r\u00e9glementaire sur l\u2019organisation et les bonnes pratiques de la recherche au CISSS de la Mont\u00e9r\u00e9gie-Centre (f\u00e9vrier 2017), sur recommandation de la directrice de la recherche, ce privil\u00e8ge a \u00e9t\u00e9 octroy\u00e9 \u00e0 Mme\u00a0Lyne Marquis, directrice des services multidisciplinaires, ainsi qu\u2019\u00e0 deux de ses collaboratrices au Centre int\u00e9gr\u00e9 de canc\u00e9rologie de la Mont\u00e9r\u00e9gie, mesdames Lucie Dugr\u00e9 et Linda Roy.<\/p>\n<p><strong><span style=\"color: #ff6600;\">AFFAIRES FINANCI\u00c8RES<br \/>\n<\/span><\/strong>Sur recommandation du comit\u00e9 de v\u00e9rification, le conseil a autoris\u00e9\u00a0:<\/p>\n<ul>\n<li>la nomination de la firme Mallette S.E.N.C.R.L. \u00e0 titre d\u2019auditeurs ind\u00e9pendants des \u00e9tats financiers pour l\u2019exercice\u00a02017-2018.<\/li>\n<li>l\u2019institution d\u2019un r\u00e9gime d\u2019emprunts \u00e0 long terme qui permettra \u00e0 l\u2019\u00e9tablissement d\u2019effectuer de temps \u00e0 autre, d\u2019ici le 31 d\u00e9cembre 2018, des emprunts \u00e0 long terme pour un montant n\u2019exc\u00e9dant pas 145\u00a0484\u00a0561,96 $, et ce, aupr\u00e8s du ministre des Finances. Ces emprunts servent \u00e0 pourvoir aux financements des d\u00e9penses autoris\u00e9es d\u2019immobilisations, d\u2019\u00e9quipements m\u00e9dicaux, non m\u00e9dicaux ou informatiques, dans le cadre des diff\u00e9rents programmes de maintien des actifs.<\/li>\n<li>une demande d\u2019emprunts \u00e0 court terme \u00e0 la Banque Nationale du Canada pour un montant maximal de 60 M$ pour la gestion et le financement des enveloppes d\u00e9centralis\u00e9es d\u2019immobilisation et d\u2019\u00e9quipement.<\/li>\n<\/ul>\n<h4 style=\"color: #ff5c0b;\"><strong>REDDITION DE COMPTES<\/strong><\/h4>\n<p><strong>Rapports annuels 2016-2017 des comit\u00e9s des usagers du CISSS<br \/>\n<\/strong>Les rapports d\u00e9pos\u00e9s au conseil font \u00e9tat des activit\u00e9s men\u00e9es par le comit\u00e9 des usagers du centre int\u00e9gr\u00e9 (CUCI) et les comit\u00e9s des usagers continu\u00e9s (CUC) de Champlain\u2013Charles-Le Moyne, de Haut-Richelieu\u2013Rouville et de l\u2019Institut Nazareth et Louis-Braille\u00a0 pour la p\u00e9riode allant du 1<sup>er<\/sup> avril 2016 au 31 mars 2017.<\/p>\n<p>On retient notamment que les journ\u00e9es portes ouvertes, les banni\u00e8res dans des abribus, les messages t\u00e9l\u00e9visuels dans les installations, la mise \u00e0 jour r\u00e9guli\u00e8re des comptes Facebook et les interventions dans les maisons des jeunes ont fait conna\u00eetre la mission des comit\u00e9s des usagers aupr\u00e8s de la population. D\u2019autres r\u00e9alisations ont vis\u00e9 davantage les usagers de nos services et leurs proches : sondages dans les CHSLD, audit sur la r\u00e9ponse t\u00e9l\u00e9phonique en CLSC, groupes de discussion et rencontres avec les parents et familles de certaines de nos client\u00e8les. Les d\u00e9fis qui se pr\u00e9sentent \u00e0 ces comit\u00e9s et la qualit\u00e9 de leur travail ont \u00e9t\u00e9 soulign\u00e9s.<\/p>\n<h4 style=\"color: #ff5c0b;\"><strong>MOTION DE F\u00c9LICITATIONS<\/strong><\/h4>\n<p><strong>Am\u00e9lioration significative de la performance<br \/>\n<\/strong>Le conseil a salu\u00e9 par une motion de f\u00e9licitations la performance des urgences de l\u2019H\u00f4pital du Haut-Richelieu et de l\u2019H\u00f4pital Charles-Le Moyne, notamment au regard de la diminution de la dur\u00e9e moyenne de s\u00e9jour des personnes qui consultent au service des urgences ainsi que de la diminution du nombre de patients dont le s\u00e9jour sur civi\u00e8re d\u00e9passe les 24 heures. Les r\u00e9sultats mettent en lumi\u00e8re le travail des \u00e9quipes et des m\u00e9decins, ainsi que les efforts investis dans l\u2019ensemble des directions de l\u2019organisation afin de constamment am\u00e9liorer l\u2019acc\u00e8s et la qualit\u00e9 de nos services, et cela, au b\u00e9n\u00e9fice de nos usagers. Bravo et merci!<\/p>\n<p><strong>Reconnaissance en tant que centre agr\u00e9\u00e9 de formation<br \/>\n<\/strong>Le CISSS de la Mont\u00e9r\u00e9gie-Centre est r\u00e9cemment devenu un centre agr\u00e9\u00e9<br \/>\nde formation pour le programme de ma\u00eetrise en pharmacie d&rsquo;\u00e9tablissement.<br \/>\nLe conseil a lev\u00e9 son chapeau \u00e0 Mme\u00a0Genevi\u00e8ve Cayer, chef du d\u00e9partement clinique de pharmacie, et aux membres de son \u00e9quipe pour le leadership dont ils ont fait preuve et qui a men\u00e9 \u00e0 cette reconnaissance par la facult\u00e9 de pharmacie de l&rsquo;Universit\u00e9 de Montr\u00e9al. Le conseil a \u00e9galement\u00a0\u00a0soulign\u00e9 la collaboration du<br \/>\nDr Jacques-Philippe Faucher, directeur de l\u2019enseignement et des affaires universitaires, et de son \u00e9quipe dans ce projet.<\/p>\n<h4 style=\"color: #ff5c0b;\"><strong>PROCHAINES R\u00c9UNIONS<\/strong><\/h4>\n<p>Le jeudi 30 novembre 2017 au 1255, rue Beauregard, Longueuil<\/p>\n<ul>\n<li><strong>\u00c0 <\/strong><strong>19 h<\/strong><br \/>\nAssembl\u00e9e publique d\u2019information pour pr\u00e9senter \u00e0 la population le rapport annuel de gestion et le rapport financier annuel du CISSS de la Mont\u00e9r\u00e9gie-Centre ainsi que le rapport sur l\u2019application de la proc\u00e9dure d\u2019examen des plaintes et de l\u2019am\u00e9lioration de la qualit\u00e9 des services pour l\u2019ann\u00e9e 2016-2017<\/li>\n<li><strong>\u00c0 19 h 30<\/strong><br \/>\nS\u00e9ance publique du conseil d\u2019administration<\/li>\n<\/ul>\n<p>&nbsp;<\/p>\n","protected":false},"excerpt":{"rendered":"<p>Le Flash CA revient sur les points d&rsquo;information et les grands dossiers organisationnels qui sont discut\u00e9s aux s\u00e9ances publiques du conseil d\u2019administration du CISSS de la Mont\u00e9r\u00e9gie-Centre. Consultez aussi la version PDF du Flash CA.\u00a0<\/p>\n","protected":false},"author":1,"featured_media":0,"comment_status":"open","ping_status":"closed","sticky":false,"template":"","format":"standard","meta":{"footnotes":""},"categories":[1],"tags":[51],"_links":{"self":[{"href":"https:\/\/santemc.quebec\/icentre\/wp-json\/wp\/v2\/posts\/5466"}],"collection":[{"href":"https:\/\/santemc.quebec\/icentre\/wp-json\/wp\/v2\/posts"}],"about":[{"href":"https:\/\/santemc.quebec\/icentre\/wp-json\/wp\/v2\/types\/post"}],"author":[{"embeddable":true,"href":"https:\/\/santemc.quebec\/icentre\/wp-json\/wp\/v2\/users\/1"}],"replies":[{"embeddable":true,"href":"https:\/\/santemc.quebec\/icentre\/wp-json\/wp\/v2\/comments?post=5466"}],"version-history":[{"count":4,"href":"https:\/\/santemc.quebec\/icentre\/wp-json\/wp\/v2\/posts\/5466\/revisions"}],"predecessor-version":[{"id":5472,"href":"https:\/\/santemc.quebec\/icentre\/wp-json\/wp\/v2\/posts\/5466\/revisions\/5472"}],"wp:attachment":[{"href":"https:\/\/santemc.quebec\/icentre\/wp-json\/wp\/v2\/media?parent=5466"}],"wp:term":[{"taxonomy":"category","embeddable":true,"href":"https:\/\/santemc.quebec\/icentre\/wp-json\/wp\/v2\/categories?post=5466"},{"taxonomy":"post_tag","embeddable":true,"href":"https:\/\/santemc.quebec\/icentre\/wp-json\/wp\/v2\/tags?post=5466"}],"curies":[{"name":"wp","href":"https:\/\/api.w.org\/{rel}","templated":true}]}}