{"id":5481,"date":"2017-10-04T13:56:57","date_gmt":"2017-10-04T17:56:57","guid":{"rendered":"http:\/\/santemc.quebec\/icentre\/?p=5481"},"modified":"2017-10-04T13:59:29","modified_gmt":"2017-10-04T17:59:29","slug":"radar-un-projet-rassembleur-pour-briser-lisolement-chez-les-aines","status":"publish","type":"post","link":"https:\/\/santemc.quebec\/icentre\/radar-un-projet-rassembleur-pour-briser-lisolement-chez-les-aines\/","title":{"rendered":"RADAR : Un projet rassembleur pour briser l\u2019isolement chez les a\u00een\u00e9s"},"content":{"rendered":"<div id=\"attachment_5482\" style=\"width: 310px\" class=\"wp-caption alignleft\"><a href=\"http:\/\/santemc.quebec\/santemc\/icentre\/wp-content\/uploads\/2017\/10\/IMG_radar.jpg\"><img aria-describedby=\"caption-attachment-5482\" decoding=\"async\" loading=\"lazy\" class=\"size-medium wp-image-5482\" src=\"http:\/\/santemc.quebec\/santemc\/icentre\/wp-content\/uploads\/2017\/10\/IMG_radar-300x225.jpg\" alt=\"\" width=\"300\" height=\"225\" srcset=\"https:\/\/santemc.quebec\/santemc\/icentre\/wp-content\/uploads\/2017\/10\/IMG_radar-300x225.jpg 300w, https:\/\/santemc.quebec\/santemc\/icentre\/wp-content\/uploads\/2017\/10\/IMG_radar-400x300.jpg 400w, https:\/\/santemc.quebec\/santemc\/icentre\/wp-content\/uploads\/2017\/10\/IMG_radar.jpg 640w\" sizes=\"(max-width: 300px) 100vw, 300px\" \/><\/a><p id=\"caption-attachment-5482\" class=\"wp-caption-text\">Les repr\u00e9sentants des partenaires engag\u00e9s dans l\u2019entente de collaboration RADAR. \u00c0 gauche : \u00c9tienne Veilleux, directeur adjoint du programme de soutien \u00e0 l\u2019autonomie des personnes \u00e2g\u00e9es (SAPA), volet soutien \u00e0 domicile.<\/p><\/div>\n<p>Plusieurs partenaires de la Vall\u00e9e des Patriotes, dont le CISSS de la Mont\u00e9r\u00e9gie-Centre, viennent de signer une importante entente de collaboration et d\u2019intervention pour la r\u00e9alisation du projet RADAR, qui vise \u00e0 mieux r\u00e9pondre aux besoins des a\u00een\u00e9s consid\u00e9r\u00e9s \u00e0 risque sur le territoire du CLSC du Richelieu et \u00e0 leur faciliter l\u2019acc\u00e8s aux services.<\/p>\n<p><!--more--><\/p>\n<p>Le R\u00e9seau Actif de D\u00e9pistage des A\u00een\u00e9s \u00e0 Risque (RADAR) est un projet de vigilance citoyenne qui a pour but de briser l\u2019isolement et de favoriser le mieux-\u00eatre des a\u00een\u00e9s dans leur milieu de vie naturel. Gr\u00e2ce \u00e0 cette belle mobilisation du milieu, les organismes signataires participent collectivement \u00e0 la pr\u00e9vention des probl\u00e8mes physiques et sociaux des a\u00een\u00e9s du territoire du CLSC du Richelieu et assurent l\u2019accessibilit\u00e9, la continuit\u00e9 et la qualit\u00e9 des services d\u2019aide appropri\u00e9s aux personnes.<\/p>\n<p>L\u2019entente implique l\u2019engagement de centres d\u2019action b\u00e9n\u00e9vole, du CLSC du Richelieu, du Centre d\u2019\u00e9coute Mont\u00e9r\u00e9gie et de la R\u00e9gie intermunicipale de police Richelieu-Saint-Laurent. Ceux-ci ont notamment convenu, dans le respect de leur mandat, d\u2019\u00e9tablir une trajectoire d\u2019intervention claire et efficace en identifiant les services requis et dispens\u00e9s par chaque partenaire.<\/p>\n<p><strong>Comment fonctionne RADAR?<br \/>\n<\/strong>Gr\u00e2ce \u00e0 la formation CONNA\u00ceTRE, RECONNA\u00ceTRE ET AGIR, des citoyens sont form\u00e9s pour d\u00e9pister les a\u00een\u00e9s vuln\u00e9rables et isol\u00e9s. Ils peuvent proposer \u00e0 ces derniers de b\u00e9n\u00e9ficier des services de RADAR afin d\u2019\u00eatre dirig\u00e9s vers les services appropri\u00e9s \u00e0 leurs besoins, par exemple de l\u2019aide m\u00e9nag\u00e8re, la popote roulante, une visite de l\u2019amiti\u00e9 ou de l\u2019aide \u00e0 domicile du CLSC. L\u2019objectif est d\u2019entourer l\u2019a\u00een\u00e9 afin qu\u2019il se sente plus en s\u00e9curit\u00e9 et \u00e9paul\u00e9 dans son quotidien.<\/p>\n<p>Pour le CLSC du Richelieu, cela signifie s\u2019engager \u00e0 recueillir les formulaires d\u2019autorisation et les grilles de d\u00e9pistage et \u00e9valuer la situation de l\u2019a\u00een\u00e9 r\u00e9f\u00e9r\u00e9; mettre en place les services en fonction de l\u2019\u00e9valuation; collaborer avec le Centre d\u2019\u00e9coute Mont\u00e9r\u00e9gie afin d\u2019orienter les personnes \u00e0 la suite des d\u00e9pistages des citoyens; travailler de concert avec les partenaires du RADAR afin de s\u2019assurer de r\u00e9pondre \u00e0 l\u2019ensemble des besoins des a\u00een\u00e9s d\u00e9pist\u00e9s.<\/p>\n<p>Assur\u00e9ment, ce type de partenariat t\u00e9moigne de la volont\u00e9 du soutien \u00e0 domicile d&rsquo;accro\u00eetre sa pr\u00e9sence aupr\u00e8s des organismes communautaires pour mieux joindre les gens du milieu qui ont besoin de nos services.<\/p>\n","protected":false},"excerpt":{"rendered":"<p>Plusieurs partenaires de la Vall\u00e9e des Patriotes, dont le CISSS de la Mont\u00e9r\u00e9gie-Centre, viennent de signer une importante entente de collaboration et d\u2019intervention pour la r\u00e9alisation du projet RADAR, qui vise \u00e0 mieux r\u00e9pondre aux besoins des a\u00een\u00e9s consid\u00e9r\u00e9s \u00e0 &hellip; <a href=\"https:\/\/santemc.quebec\/icentre\/radar-un-projet-rassembleur-pour-briser-lisolement-chez-les-aines\/\">Continuer la lecture <span class=\"meta-nav\">&rarr;<\/span><\/a><\/p>\n","protected":false},"author":9,"featured_media":0,"comment_status":"open","ping_status":"closed","sticky":false,"template":"","format":"standard","meta":{"footnotes":""},"categories":[1],"tags":[],"_links":{"self":[{"href":"https:\/\/santemc.quebec\/icentre\/wp-json\/wp\/v2\/posts\/5481"}],"collection":[{"href":"https:\/\/santemc.quebec\/icentre\/wp-json\/wp\/v2\/posts"}],"about":[{"href":"https:\/\/santemc.quebec\/icentre\/wp-json\/wp\/v2\/types\/post"}],"author":[{"embeddable":true,"href":"https:\/\/santemc.quebec\/icentre\/wp-json\/wp\/v2\/users\/9"}],"replies":[{"embeddable":true,"href":"https:\/\/santemc.quebec\/icentre\/wp-json\/wp\/v2\/comments?post=5481"}],"version-history":[{"count":1,"href":"https:\/\/santemc.quebec\/icentre\/wp-json\/wp\/v2\/posts\/5481\/revisions"}],"predecessor-version":[{"id":5483,"href":"https:\/\/santemc.quebec\/icentre\/wp-json\/wp\/v2\/posts\/5481\/revisions\/5483"}],"wp:attachment":[{"href":"https:\/\/santemc.quebec\/icentre\/wp-json\/wp\/v2\/media?parent=5481"}],"wp:term":[{"taxonomy":"category","embeddable":true,"href":"https:\/\/santemc.quebec\/icentre\/wp-json\/wp\/v2\/categories?post=5481"},{"taxonomy":"post_tag","embeddable":true,"href":"https:\/\/santemc.quebec\/icentre\/wp-json\/wp\/v2\/tags?post=5481"}],"curies":[{"name":"wp","href":"https:\/\/api.w.org\/{rel}","templated":true}]}}