{"id":5485,"date":"2017-10-06T10:25:33","date_gmt":"2017-10-06T14:25:33","guid":{"rendered":"http:\/\/santemc.quebec\/icentre\/?p=5485"},"modified":"2017-10-06T10:25:33","modified_gmt":"2017-10-06T14:25:33","slug":"fier-et-reconnaissant-une-derniere-chronique-de-mark-bedford","status":"publish","type":"post","link":"https:\/\/santemc.quebec\/icentre\/fier-et-reconnaissant-une-derniere-chronique-de-mark-bedford\/","title":{"rendered":"Fier et reconnaissant \u2013 Une derni\u00e8re chronique de Mark Bedford"},"content":{"rendered":"<p style=\"text-align: left;\"><a href=\"http:\/\/santemc.quebec\/santemc\/icentre\/wp-content\/uploads\/2017\/10\/Defi300917-061H.jpg\"><img decoding=\"async\" loading=\"lazy\" class=\"size-medium wp-image-5486 alignleft\" src=\"http:\/\/santemc.quebec\/santemc\/icentre\/wp-content\/uploads\/2017\/10\/Defi300917-061H-300x208.jpg\" alt=\"\" width=\"300\" height=\"208\" srcset=\"https:\/\/santemc.quebec\/santemc\/icentre\/wp-content\/uploads\/2017\/10\/Defi300917-061H-300x208.jpg 300w, https:\/\/santemc.quebec\/santemc\/icentre\/wp-content\/uploads\/2017\/10\/Defi300917-061H-768x533.jpg 768w, https:\/\/santemc.quebec\/santemc\/icentre\/wp-content\/uploads\/2017\/10\/Defi300917-061H-1024x711.jpg 1024w, https:\/\/santemc.quebec\/santemc\/icentre\/wp-content\/uploads\/2017\/10\/Defi300917-061H-432x300.jpg 432w\" sizes=\"(max-width: 300px) 100vw, 300px\" \/><\/a>WOW! C\u2019est le seul mot qui me vient \u00e0 l\u2019esprit! Franchir le fil d\u2019arriv\u00e9e d\u2019une course pour la premi\u00e8re fois et le faire pour une cause aussi importante que le cancer, lorsqu\u2019on a soi-m\u00eame combattu une leuc\u00e9mie, c\u2019est une exp\u00e9rience m\u00e9morable!<\/p>\n<p><!--more--><\/p>\n<p>Se pr\u00e9parer pendant pr\u00e8s de cinq mois, avec les hauts et les bas de l\u2019entra\u00eenement, \u00e7a rend f\u00e9brile lorsque le grand jour arrive! Mais lorsque je suis me suis pr\u00e9sent\u00e9 sur le site du D\u00e9fi des g\u00e9n\u00e9rations contre le cancer, entour\u00e9 de ma famille et de mes amis, l\u2019enjeu est devenu tout autre. J\u2019ai senti une vague d\u2019amour intense. Certains couraient avec moi, d\u2019autres \u00e9taient simplement venus m\u2019encourager.<\/p>\n<p>J\u2019ai re\u00e7u cet appui comme une immense source d\u2019\u00e9nergie qui m\u2019a permis de franchir le fil d\u2019arriv\u00e9e de mon 5 km. Croyez-moi, apr\u00e8s tout ce que j\u2019ai travers\u00e9 au cours des trois derni\u00e8res ann\u00e9es, il y a de quoi \u00eatre fier!<\/p>\n<p>Maintenant que je suis revenu de tant d\u2019\u00e9motions et que j\u2019ai repris mon souffle, j\u2019ai envie de dire un immense merci \u00e0 chacun des 1387 coureurs qui a particip\u00e9, avec moi, au D\u00e9fi des g\u00e9n\u00e9rations contre le cancer. Merci \u00e9galement \u00e0 vous tous qui m\u2019avez suivi, chaque semaine, dans ma remise en forme et ma r\u00e9appropriation d\u2019une vie \u00ab\u00a0normale\u00a0\u00bb apr\u00e8s la leuc\u00e9mie.<\/p>\n<p>Un merci tout sp\u00e9cial \u00e0 toute l\u2019\u00e9quipe de la Clinique de r\u00e9adaptation du Faubourg qui m\u2019a si bien pr\u00e9par\u00e9 et toutes mes f\u00e9licitations \u00e0 l&rsquo;\u00e9quipe de la Fondation qui a su faire de cet \u00e9v\u00e9nement un si grand succ\u00e8s!<\/p>\n<p>Et surtout\u2026 \u00e0 l\u2019ann\u00e9e prochaine!<\/p>\n<p><a href=\"http:\/\/www.fhclm.ca\/blogue\/\" target=\"_blank\" rel=\"noopener\">http:\/\/www.fhclm.ca\/blogue\/<\/a><\/p>\n","protected":false},"excerpt":{"rendered":"<p>WOW! C\u2019est le seul mot qui me vient \u00e0 l\u2019esprit! Franchir le fil d\u2019arriv\u00e9e d\u2019une course pour la premi\u00e8re fois et le faire pour une cause aussi importante que le cancer, lorsqu\u2019on a soi-m\u00eame combattu une leuc\u00e9mie, c\u2019est une exp\u00e9rience &hellip; <a href=\"https:\/\/santemc.quebec\/icentre\/fier-et-reconnaissant-une-derniere-chronique-de-mark-bedford\/\">Continuer la lecture <span class=\"meta-nav\">&rarr;<\/span><\/a><\/p>\n","protected":false},"author":9,"featured_media":0,"comment_status":"open","ping_status":"closed","sticky":false,"template":"","format":"standard","meta":{"footnotes":""},"categories":[1],"tags":[],"_links":{"self":[{"href":"https:\/\/santemc.quebec\/icentre\/wp-json\/wp\/v2\/posts\/5485"}],"collection":[{"href":"https:\/\/santemc.quebec\/icentre\/wp-json\/wp\/v2\/posts"}],"about":[{"href":"https:\/\/santemc.quebec\/icentre\/wp-json\/wp\/v2\/types\/post"}],"author":[{"embeddable":true,"href":"https:\/\/santemc.quebec\/icentre\/wp-json\/wp\/v2\/users\/9"}],"replies":[{"embeddable":true,"href":"https:\/\/santemc.quebec\/icentre\/wp-json\/wp\/v2\/comments?post=5485"}],"version-history":[{"count":1,"href":"https:\/\/santemc.quebec\/icentre\/wp-json\/wp\/v2\/posts\/5485\/revisions"}],"predecessor-version":[{"id":5487,"href":"https:\/\/santemc.quebec\/icentre\/wp-json\/wp\/v2\/posts\/5485\/revisions\/5487"}],"wp:attachment":[{"href":"https:\/\/santemc.quebec\/icentre\/wp-json\/wp\/v2\/media?parent=5485"}],"wp:term":[{"taxonomy":"category","embeddable":true,"href":"https:\/\/santemc.quebec\/icentre\/wp-json\/wp\/v2\/categories?post=5485"},{"taxonomy":"post_tag","embeddable":true,"href":"https:\/\/santemc.quebec\/icentre\/wp-json\/wp\/v2\/tags?post=5485"}],"curies":[{"name":"wp","href":"https:\/\/api.w.org\/{rel}","templated":true}]}}