{"id":5488,"date":"2017-10-10T14:08:37","date_gmt":"2017-10-10T18:08:37","guid":{"rendered":"http:\/\/santemc.quebec\/icentre\/?p=5488"},"modified":"2017-12-08T14:13:46","modified_gmt":"2017-12-08T19:13:46","slug":"video-bienvenue-dans-la-nouvelle-aile-de-lhopital-du-haut-richelieu","status":"publish","type":"post","link":"https:\/\/santemc.quebec\/icentre\/video-bienvenue-dans-la-nouvelle-aile-de-lhopital-du-haut-richelieu\/","title":{"rendered":"Vid\u00e9o : Bienvenue dans la nouvelle aile de l\u2019H\u00f4pital du Haut-Richelieu"},"content":{"rendered":"<div style=\"width: 584px;\" class=\"wp-video\"><!--[if lt IE 9]><script>document.createElement('video');<\/script><![endif]-->\n<video class=\"wp-video-shortcode\" id=\"video-5488-1\" width=\"584\" height=\"328\" poster=\"http:\/\/santemc.quebec\/santemc\/icentre\/wp-content\/uploads\/2017\/10\/Perspective-de-jour.jpg\" preload=\"metadata\" controls=\"controls\"><source type=\"video\/mp4\" src=\"http:\/\/www.santemonteregie.qc.ca\/userfiles\/media\/haut-richelieu-rouville\/agrandissement\/agrandissement_HRR_Video1.mp4?_=1\" \/><a href=\"http:\/\/www.santemonteregie.qc.ca\/userfiles\/media\/haut-richelieu-rouville\/agrandissement\/agrandissement_HRR_Video1.mp4\">http:\/\/www.santemonteregie.qc.ca\/userfiles\/media\/haut-richelieu-rouville\/agrandissement\/agrandissement_HRR_Video1.mp4<\/a><\/video><\/div>\n<p style=\"text-align: left;\"><a href=\"https:\/\/www.youtube.com\/watch?v=W87s8Pxwml4&amp;t=34s\" target=\"_blank\" rel=\"noopener\">Voir la vid\u00e9o sur Youtube &#8211; En haute r\u00e9solution<\/a><\/p>\n<p>La construction de l\u2019agrandissement majeur de l\u2019H\u00f4pital du Haut-Richelieu repr\u00e9sente un accomplissement notoire pour notre \u00e9tablissement et pour la population de la r\u00e9gion du Haut-Richelieu. La nouvelle aile inaugur\u00e9e au printemps dernier offre de nombreux avantages, tant pour la client\u00e8le que pour les \u00e9quipes cliniques.<!--more--><\/p>\n<p>Afin de pr\u00e9senter \u00e0 l\u2019ensemble des employ\u00e9s du CISSSMC et au grand public le r\u00e9sultat de cet important projet, l\u2019\u00e9quipe des communications, en \u00e9troite collaboration avec l\u2019\u00e9quipe du projet majeur et\u00a0les \u00e9quipes cliniques, a r\u00e9alis\u00e9 des vid\u00e9os mettant en vedette les nouveaux locaux et les artisans du projet.<\/p>\n<p>La premi\u00e8re vid\u00e9o que nous vous d\u00e9voilons aujourd\u2019hui se veut une visite virtuelle des principaux secteurs qui composent la nouvelle aile. En images et en mots, vous d\u00e9couvrirez les \u00e9quipements, les innovations et les points d\u2019int\u00e9r\u00eat de cette partie de l\u2019H\u00f4pital du Haut-Richelieu.<\/p>\n<p>Bonne visite!<\/p>\n<p>\u00c0 venir\u00a0: une deuxi\u00e8me vid\u00e9o mettant en lumi\u00e8re des artisans du projet sera d\u00e9voil\u00e9e prochainement!<\/p>\n","protected":false},"excerpt":{"rendered":"<p>Voir la vid\u00e9o sur Youtube &#8211; En haute r\u00e9solution La construction de l\u2019agrandissement majeur de l\u2019H\u00f4pital du Haut-Richelieu repr\u00e9sente un accomplissement notoire pour notre \u00e9tablissement et pour la population de la r\u00e9gion du Haut-Richelieu. La nouvelle aile inaugur\u00e9e au printemps &hellip; <a href=\"https:\/\/santemc.quebec\/icentre\/video-bienvenue-dans-la-nouvelle-aile-de-lhopital-du-haut-richelieu\/\">Continuer la lecture <span class=\"meta-nav\">&rarr;<\/span><\/a><\/p>\n","protected":false},"author":8,"featured_media":0,"comment_status":"open","ping_status":"closed","sticky":false,"template":"","format":"standard","meta":{"footnotes":""},"categories":[1],"tags":[],"_links":{"self":[{"href":"https:\/\/santemc.quebec\/icentre\/wp-json\/wp\/v2\/posts\/5488"}],"collection":[{"href":"https:\/\/santemc.quebec\/icentre\/wp-json\/wp\/v2\/posts"}],"about":[{"href":"https:\/\/santemc.quebec\/icentre\/wp-json\/wp\/v2\/types\/post"}],"author":[{"embeddable":true,"href":"https:\/\/santemc.quebec\/icentre\/wp-json\/wp\/v2\/users\/8"}],"replies":[{"embeddable":true,"href":"https:\/\/santemc.quebec\/icentre\/wp-json\/wp\/v2\/comments?post=5488"}],"version-history":[{"count":11,"href":"https:\/\/santemc.quebec\/icentre\/wp-json\/wp\/v2\/posts\/5488\/revisions"}],"predecessor-version":[{"id":5959,"href":"https:\/\/santemc.quebec\/icentre\/wp-json\/wp\/v2\/posts\/5488\/revisions\/5959"}],"wp:attachment":[{"href":"https:\/\/santemc.quebec\/icentre\/wp-json\/wp\/v2\/media?parent=5488"}],"wp:term":[{"taxonomy":"category","embeddable":true,"href":"https:\/\/santemc.quebec\/icentre\/wp-json\/wp\/v2\/categories?post=5488"},{"taxonomy":"post_tag","embeddable":true,"href":"https:\/\/santemc.quebec\/icentre\/wp-json\/wp\/v2\/tags?post=5488"}],"curies":[{"name":"wp","href":"https:\/\/api.w.org\/{rel}","templated":true}]}}