{"id":55,"date":"2015-03-26T14:41:03","date_gmt":"2015-03-26T13:41:03","guid":{"rendered":"http:\/\/santemc.quebec\/journal\/?p=55"},"modified":"2016-03-14T14:30:46","modified_gmt":"2016-03-14T18:30:46","slug":"mme-maryse-poupart-nommee-au-poste-de-directrice-des-ressources-humaines-des-communications-et-des-affaires-juridiques","status":"publish","type":"post","link":"https:\/\/santemc.quebec\/icentre\/mme-maryse-poupart-nommee-au-poste-de-directrice-des-ressources-humaines-des-communications-et-des-affaires-juridiques\/","title":{"rendered":"Mme Maryse Poupart nomm\u00e9e au poste de directrice des ressources humaines, des communications et des affaires juridiques"},"content":{"rendered":"<div style=\"width: 160px\" class=\"wp-caption alignleft\"><img decoding=\"async\" loading=\"lazy\" src=\"http:\/\/www.santemonteregie.net\/connivence\/wp-content\/uploads\/2015\/03\/Photo-Maryse-Poupart-rog.jpg\" alt=\"Mme Maryse Poupart\" width=\"150\" height=\"169\" \/><p class=\"wp-caption-text\">Mme Maryse Poupart<\/p><\/div>\n<p>Le pr\u00e9sident-directeur g\u00e9n\u00e9ral du CISSS Mont\u00e9r\u00e9gie-Centre, monsieur Richard Deschamps, a le plaisir\u00a0d\u2019annoncer la nomination de Mme Maryse Poupart \u00e0 titre de directrice des ressources humaines, des\u00a0communications et des affaires juridiques du CISSS Mont\u00e9r\u00e9gie-Centre.<\/p>\n<p><!--more--><br \/>\nD\u00e9tentrice d\u2019un baccalaur\u00e9at sp\u00e9cialis\u00e9 en ressources humaines et d\u2019une maitrise en administration\u00a0publique de l\u2019\u00c9cole nationale d\u2019administration publique (ENAP), madame Poupart oeuvre dans le\u00a0syst\u00e8me de sant\u00e9 qu\u00e9b\u00e9cois depuis plus de 17 ans.<\/p>\n<p>Son leadership et son style de gestion lui ont permis de r\u00e9aliser des transformations en profondeur dans\u00a0diff\u00e9rents \u00e9tablissements tout en assurant la r\u00e9alisation des op\u00e9rations quotidiennes et d\u2019offrir le soutien\u00a0et l\u2019accompagnement n\u00e9cessaire aux directions en mati\u00e8re d\u2019int\u00e9gration de nouveaux mod\u00e8les de\u00a0gestion. Elle a aussi dirig\u00e9 un important virage strat\u00e9gique au niveau des ressources humaines ayant\u00a0fait l\u2019objet d\u2019une mention lors de la visite d\u2019agr\u00e9ment en novembre dernier alors qu\u2019elle occupait le poste\u00a0de directrice des ressources humaines et du d\u00e9veloppement organisationnel au CSSS Haut-Richelieu-<br \/>\nRouville depuis 2013.<\/p>\n<p>Membre actif du comit\u00e9 de veille strat\u00e9gique, et laur\u00e9ate d\u2019un prix d\u2019excellence alors qu\u2019elle \u00e9tait au\u00a0CSSS Jardins-Roussillon, elle saura certainement relever les d\u00e9fis qui d\u00e9couleront de la r\u00e9organisation\u00a0qui s\u2019amorce dans le syst\u00e8me de sant\u00e9 qu\u00e9b\u00e9cois.<\/p>\n","protected":false},"excerpt":{"rendered":"<p>Le pr\u00e9sident-directeur g\u00e9n\u00e9ral du CISSS Mont\u00e9r\u00e9gie-Centre, monsieur Richard Deschamps, a le plaisir\u00a0d\u2019annoncer la nomination de Mme Maryse Poupart \u00e0 titre de directrice des ressources humaines, des\u00a0communications et des affaires juridiques du CISSS Mont\u00e9r\u00e9gie-Centre.<\/p>\n","protected":false},"author":1,"featured_media":0,"comment_status":"open","ping_status":"closed","sticky":false,"template":"","format":"standard","meta":{"footnotes":""},"categories":[2],"tags":[8],"_links":{"self":[{"href":"https:\/\/santemc.quebec\/icentre\/wp-json\/wp\/v2\/posts\/55"}],"collection":[{"href":"https:\/\/santemc.quebec\/icentre\/wp-json\/wp\/v2\/posts"}],"about":[{"href":"https:\/\/santemc.quebec\/icentre\/wp-json\/wp\/v2\/types\/post"}],"author":[{"embeddable":true,"href":"https:\/\/santemc.quebec\/icentre\/wp-json\/wp\/v2\/users\/1"}],"replies":[{"embeddable":true,"href":"https:\/\/santemc.quebec\/icentre\/wp-json\/wp\/v2\/comments?post=55"}],"version-history":[{"count":4,"href":"https:\/\/santemc.quebec\/icentre\/wp-json\/wp\/v2\/posts\/55\/revisions"}],"predecessor-version":[{"id":1809,"href":"https:\/\/santemc.quebec\/icentre\/wp-json\/wp\/v2\/posts\/55\/revisions\/1809"}],"wp:attachment":[{"href":"https:\/\/santemc.quebec\/icentre\/wp-json\/wp\/v2\/media?parent=55"}],"wp:term":[{"taxonomy":"category","embeddable":true,"href":"https:\/\/santemc.quebec\/icentre\/wp-json\/wp\/v2\/categories?post=55"},{"taxonomy":"post_tag","embeddable":true,"href":"https:\/\/santemc.quebec\/icentre\/wp-json\/wp\/v2\/tags?post=55"}],"curies":[{"name":"wp","href":"https:\/\/api.w.org\/{rel}","templated":true}]}}