{"id":551,"date":"2015-07-22T10:14:28","date_gmt":"2015-07-22T14:14:28","guid":{"rendered":"http:\/\/santemc.quebec\/icentre\/?p=551"},"modified":"2015-07-22T10:14:43","modified_gmt":"2015-07-22T14:14:43","slug":"interim-au-poste-de-directeur-adjoint-gestion-budgetaire-et-performance-financiere","status":"publish","type":"post","link":"https:\/\/santemc.quebec\/icentre\/interim-au-poste-de-directeur-adjoint-gestion-budgetaire-et-performance-financiere\/","title":{"rendered":"Int\u00e9rim au poste de directeur adjoint \u2013 gestion budg\u00e9taire et performance financi\u00e8re"},"content":{"rendered":"<p>C\u2019est avec plaisir que je vous annonce la nomination de monsieur <strong>Denis Fabi<\/strong> au poste de <strong>directeur adjoint \u2013 gestion budg\u00e9taire et performance financi\u00e8re par int\u00e9rim<\/strong> \u00e0 la direction des ressources financi\u00e8res du CISSS de la Mont\u00e9r\u00e9gie-Centre, et ce, jusqu\u2019\u00e0 la dotation d\u00e9finitive de ce poste.<!--more--><\/p>\n<p>M. Fabi aura sous sa responsabilit\u00e9 la coordination des activit\u00e9s de planification et des suivis budg\u00e9taires. Il supportera \u00e9galement la direction durant le processus de transformation.<\/p>\n<p>Je remercie chaleureusement M. Fabi d\u2019accepter ces responsabilit\u00e9s et lui souhaite la meilleure des chances dans l\u2019exercice de ses fonctions.<\/p>\n","protected":false},"excerpt":{"rendered":"<p>C\u2019est avec plaisir que je vous annonce la nomination de monsieur Denis Fabi au poste de directeur adjoint \u2013 gestion budg\u00e9taire et performance financi\u00e8re par int\u00e9rim \u00e0 la direction des ressources financi\u00e8res du CISSS de la Mont\u00e9r\u00e9gie-Centre, et ce, jusqu\u2019\u00e0 &hellip; <a href=\"https:\/\/santemc.quebec\/icentre\/interim-au-poste-de-directeur-adjoint-gestion-budgetaire-et-performance-financiere\/\">Continuer la lecture <span class=\"meta-nav\">&rarr;<\/span><\/a><\/p>\n","protected":false},"author":1,"featured_media":0,"comment_status":"open","ping_status":"closed","sticky":false,"template":"","format":"standard","meta":{"footnotes":""},"categories":[2],"tags":[8],"_links":{"self":[{"href":"https:\/\/santemc.quebec\/icentre\/wp-json\/wp\/v2\/posts\/551"}],"collection":[{"href":"https:\/\/santemc.quebec\/icentre\/wp-json\/wp\/v2\/posts"}],"about":[{"href":"https:\/\/santemc.quebec\/icentre\/wp-json\/wp\/v2\/types\/post"}],"author":[{"embeddable":true,"href":"https:\/\/santemc.quebec\/icentre\/wp-json\/wp\/v2\/users\/1"}],"replies":[{"embeddable":true,"href":"https:\/\/santemc.quebec\/icentre\/wp-json\/wp\/v2\/comments?post=551"}],"version-history":[{"count":2,"href":"https:\/\/santemc.quebec\/icentre\/wp-json\/wp\/v2\/posts\/551\/revisions"}],"predecessor-version":[{"id":553,"href":"https:\/\/santemc.quebec\/icentre\/wp-json\/wp\/v2\/posts\/551\/revisions\/553"}],"wp:attachment":[{"href":"https:\/\/santemc.quebec\/icentre\/wp-json\/wp\/v2\/media?parent=551"}],"wp:term":[{"taxonomy":"category","embeddable":true,"href":"https:\/\/santemc.quebec\/icentre\/wp-json\/wp\/v2\/categories?post=551"},{"taxonomy":"post_tag","embeddable":true,"href":"https:\/\/santemc.quebec\/icentre\/wp-json\/wp\/v2\/tags?post=551"}],"curies":[{"name":"wp","href":"https:\/\/api.w.org\/{rel}","templated":true}]}}