{"id":5546,"date":"2017-10-12T15:25:41","date_gmt":"2017-10-12T19:25:41","guid":{"rendered":"http:\/\/santemc.quebec\/icentre\/?p=5546"},"modified":"2017-10-12T15:25:41","modified_gmt":"2017-10-12T19:25:41","slug":"semaine-de-la-rentree-au-cisss-de-la-monteregie-centre-presentation-de-la-programmation","status":"publish","type":"post","link":"https:\/\/santemc.quebec\/icentre\/semaine-de-la-rentree-au-cisss-de-la-monteregie-centre-presentation-de-la-programmation\/","title":{"rendered":"Semaine de la rentr\u00e9e au CISSS de la Mont\u00e9r\u00e9gie-Centre : pr\u00e9sentation de la programmation"},"content":{"rendered":"<p>Du 23 au 27 octobre, des activit\u00e9s auront lieu afin de souligner la rentr\u00e9e, de remercier le personnel, les gestionnaires, les m\u00e9decins et les b\u00e9n\u00e9voles de l\u2019organisation et de lancer le programme de reconnaissance.<\/p>\n<p><!--more--><\/p>\n<p>Durant la semaine, votre porte-carte d\u2019identit\u00e9 aux couleurs de l\u2019organisation, une petite g\u00e2terie \u00e0 partager en \u00e9quipe ainsi que la documentation pr\u00e9sentant le programme de reconnaissance vous seront remis. Des cartes de reconnaissance, \u00e0 \u00e9changer entre coll\u00e8gues, seront aussi mises \u00e0 votre disposition.<\/p>\n<p>Vous \u00eates \u00e9galement invit\u00e9s \u00e0 assister \u00e0 une des deux <a href=\"http:\/\/santemc.quebec\/santemc\/icentre\/wp-content\/uploads\/2015\/08\/Affiche_Conference.pdf\" target=\"_blank\" rel=\"noopener\">conf\u00e9rences gratuites<\/a>\u00a0du Dr Amir Georges Sabongui :<\/p>\n<ul>\n<li>Mercredi 25 octobre, 19 h \u00e0 20 h 30 (acc\u00e8s \u00e0 la salle d\u00e8s 18h30),<br \/>\nAuditorium de l&rsquo;\u00e9cole secondaire Heritage,<br \/>\n7445, chemin de Chambly, Saint-Hubert<\/li>\n<li>Jeudi 26 octobre, 19 h \u00e0 20 h 30 (acc\u00e8s \u00e0 la salle d\u00e8s 18h30),<br \/>\nAuditorium, Pavillon Vanier, Corporation du Fort St-Jean,<br \/>\n15 rue Jacques-Cartier Nord, Saint-Jean-sur-Richelieu<\/li>\n<\/ul>\n<p>Notez que les inscriptions sont obligatoires\u00a0et que le nombre de places est limit\u00e9.<br \/>\nPour vous inscrire\u00a0: <a href=\"http:\/\/www.conferencecisssmc.ca\" target=\"_blank\" rel=\"noopener\">www.conferencecisssmc.ca<\/a><\/p>\n<p>Enfin, La Capitale \u2013 assurance et services financiers, tiendra des kiosques d\u2019information dans les deux h\u00f4pitaux. Vous \u00eates invit\u00e9s \u00e0 venir rencontrer les repr\u00e9sentants afin d\u2019en apprendre plus sur les avantages exclusifs qu\u2019ils vous r\u00e9servent. Un bar \u00e0 bonbons et un tirage de prix de participation seront r\u00e9serv\u00e9s aux employ\u00e9s qui iront les rencontrer.<\/p>\n<ul>\n<li>Lundi 23 octobre, 9 h \u00e0 16 h 30, H\u00f4pital Charles-Le Moyne, salle HS-044 (rez-de-chauss\u00e9e)<\/li>\n<li>Mardi 24 octobre, 9 h \u00e0 16 h 30, H\u00f4pital du Haut-Richelieu, salle Amphith\u00e9\u00e2tre B (sous-sol)<\/li>\n<\/ul>\n<p><a href=\"http:\/\/santemc.quebec\/santemc\/icentre\/wp-content\/uploads\/2015\/08\/Affiche_Programmation.pdf\" target=\"_blank\" rel=\"noopener\">Affiche programmation de la Semaine<\/a><\/p>\n<p>En esp\u00e9rant que vous participerez nombreux aux activit\u00e9s organis\u00e9es dans le cadre de cette premi\u00e8re Semaine de la rentr\u00e9e du CISSSMC.<\/p>\n","protected":false},"excerpt":{"rendered":"<p>Du 23 au 27 octobre, des activit\u00e9s auront lieu afin de souligner la rentr\u00e9e, de remercier le personnel, les gestionnaires, les m\u00e9decins et les b\u00e9n\u00e9voles de l\u2019organisation et de lancer le programme de reconnaissance.<\/p>\n","protected":false},"author":9,"featured_media":0,"comment_status":"open","ping_status":"closed","sticky":false,"template":"","format":"standard","meta":{"footnotes":""},"categories":[1],"tags":[],"_links":{"self":[{"href":"https:\/\/santemc.quebec\/icentre\/wp-json\/wp\/v2\/posts\/5546"}],"collection":[{"href":"https:\/\/santemc.quebec\/icentre\/wp-json\/wp\/v2\/posts"}],"about":[{"href":"https:\/\/santemc.quebec\/icentre\/wp-json\/wp\/v2\/types\/post"}],"author":[{"embeddable":true,"href":"https:\/\/santemc.quebec\/icentre\/wp-json\/wp\/v2\/users\/9"}],"replies":[{"embeddable":true,"href":"https:\/\/santemc.quebec\/icentre\/wp-json\/wp\/v2\/comments?post=5546"}],"version-history":[{"count":1,"href":"https:\/\/santemc.quebec\/icentre\/wp-json\/wp\/v2\/posts\/5546\/revisions"}],"predecessor-version":[{"id":5547,"href":"https:\/\/santemc.quebec\/icentre\/wp-json\/wp\/v2\/posts\/5546\/revisions\/5547"}],"wp:attachment":[{"href":"https:\/\/santemc.quebec\/icentre\/wp-json\/wp\/v2\/media?parent=5546"}],"wp:term":[{"taxonomy":"category","embeddable":true,"href":"https:\/\/santemc.quebec\/icentre\/wp-json\/wp\/v2\/categories?post=5546"},{"taxonomy":"post_tag","embeddable":true,"href":"https:\/\/santemc.quebec\/icentre\/wp-json\/wp\/v2\/tags?post=5546"}],"curies":[{"name":"wp","href":"https:\/\/api.w.org\/{rel}","templated":true}]}}