{"id":5548,"date":"2017-10-12T15:32:34","date_gmt":"2017-10-12T19:32:34","guid":{"rendered":"http:\/\/santemc.quebec\/icentre\/?p=5548"},"modified":"2017-10-12T15:34:16","modified_gmt":"2017-10-12T19:34:16","slug":"un-prix-decerne-a-lunite-mere-enfant-de-lhopital-du-haut-richelieu-et-a-la-maison-de-naissance-de-richelieu","status":"publish","type":"post","link":"https:\/\/santemc.quebec\/icentre\/un-prix-decerne-a-lunite-mere-enfant-de-lhopital-du-haut-richelieu-et-a-la-maison-de-naissance-de-richelieu\/","title":{"rendered":"Un prix d\u00e9cern\u00e9 \u00e0 l\u2019unit\u00e9 m\u00e8re-enfant de l\u2019H\u00f4pital du Haut-Richelieu et \u00e0 la Maison de naissance de Richelieu"},"content":{"rendered":"<div id=\"attachment_5549\" style=\"width: 310px\" class=\"wp-caption alignleft\"><a href=\"http:\/\/santemc.quebec\/santemc\/icentre\/wp-content\/uploads\/2017\/10\/AMPROIMG_0570.jpg\"><img aria-describedby=\"caption-attachment-5549\" decoding=\"async\" loading=\"lazy\" class=\"size-medium wp-image-5549\" src=\"http:\/\/santemc.quebec\/santemc\/icentre\/wp-content\/uploads\/2017\/10\/AMPROIMG_0570-300x225.jpg\" alt=\"\" width=\"300\" height=\"225\" srcset=\"https:\/\/santemc.quebec\/santemc\/icentre\/wp-content\/uploads\/2017\/10\/AMPROIMG_0570-300x225.jpg 300w, https:\/\/santemc.quebec\/santemc\/icentre\/wp-content\/uploads\/2017\/10\/AMPROIMG_0570-768x576.jpg 768w, https:\/\/santemc.quebec\/santemc\/icentre\/wp-content\/uploads\/2017\/10\/AMPROIMG_0570-1024x768.jpg 1024w, https:\/\/santemc.quebec\/santemc\/icentre\/wp-content\/uploads\/2017\/10\/AMPROIMG_0570-400x300.jpg 400w\" sizes=\"(max-width: 300px) 100vw, 300px\" \/><\/a><p id=\"caption-attachment-5549\" class=\"wp-caption-text\">Les membres des \u00e9quipes de l\u2019unit\u00e9 m\u00e8re-enfant de l\u2019H\u00f4pital et de la Maison de naissance posent avec les prix de reconnaissance d\u00e9cern\u00e9s par AMPRO.<\/p><\/div>\n<p>L\u2019\u00e9quipe de l\u2019unit\u00e9 m\u00e8re-enfant de l\u2019H\u00f4pital du Haut-Richelieu et les sages-femmes de la Maison de naissance de Richelieu ont re\u00e7u un prix de reconnaissance hier pour leur participation exceptionnelle \u00e0 l\u2019Approche multidisciplinaire en pr\u00e9vention des risques obst\u00e9tricaux (AMPRO).<\/p>\n<p><!--more--><\/p>\n<p>Au cours de l\u2019ann\u00e9e 2016-2017, plus de 80 % des infirmi\u00e8res, des m\u00e9decins et des sages-femmes ont adh\u00e9r\u00e9 au programme qui met l\u2019accent sur la s\u00e9curit\u00e9 des soins, le perfectionnement professionnel et l\u2019am\u00e9lioration continue afin de donner des soins personnalis\u00e9s et s\u00e9curitaires aux familles.<\/p>\n<p>Il est tr\u00e8s rare qu\u2019un tel prix soit d\u00e9cern\u00e9 en m\u00eame temps \u00e0 un H\u00f4pital et \u00e0 la Maison de naissance qui y est affili\u00e9e.<\/p>\n<p>Le programme est bas\u00e9 sur les principes \u00e9prouv\u00e9s par les organisations hautement fiables, notamment la s\u00e9curit\u00e9 en tant que priorit\u00e9, la communication efficace, le travail d\u2019\u00e9quipe, la mise de c\u00f4t\u00e9 de la hi\u00e9rarchie en situation d\u2019urgence, la r\u00e9p\u00e9tition des urgences et l\u2019apprentissage r\u00e9flectif.<\/p>\n<p>Nous sommes tr\u00e8s fiers de cette distinction qui t\u00e9moigne de l\u2019engagement de nos \u00e9quipes \u00e0 donner des soins s\u00e9curitaires de tr\u00e8s grande qualit\u00e9 \u00e0 notre client\u00e8le.<\/p>\n<p>Bravo!<\/p>\n","protected":false},"excerpt":{"rendered":"<p>L\u2019\u00e9quipe de l\u2019unit\u00e9 m\u00e8re-enfant de l\u2019H\u00f4pital du Haut-Richelieu et les sages-femmes de la Maison de naissance de Richelieu ont re\u00e7u un prix de reconnaissance hier pour leur participation exceptionnelle \u00e0 l\u2019Approche multidisciplinaire en pr\u00e9vention des risques obst\u00e9tricaux (AMPRO).<\/p>\n","protected":false},"author":9,"featured_media":0,"comment_status":"open","ping_status":"closed","sticky":false,"template":"","format":"standard","meta":{"footnotes":""},"categories":[1],"tags":[],"_links":{"self":[{"href":"https:\/\/santemc.quebec\/icentre\/wp-json\/wp\/v2\/posts\/5548"}],"collection":[{"href":"https:\/\/santemc.quebec\/icentre\/wp-json\/wp\/v2\/posts"}],"about":[{"href":"https:\/\/santemc.quebec\/icentre\/wp-json\/wp\/v2\/types\/post"}],"author":[{"embeddable":true,"href":"https:\/\/santemc.quebec\/icentre\/wp-json\/wp\/v2\/users\/9"}],"replies":[{"embeddable":true,"href":"https:\/\/santemc.quebec\/icentre\/wp-json\/wp\/v2\/comments?post=5548"}],"version-history":[{"count":3,"href":"https:\/\/santemc.quebec\/icentre\/wp-json\/wp\/v2\/posts\/5548\/revisions"}],"predecessor-version":[{"id":5552,"href":"https:\/\/santemc.quebec\/icentre\/wp-json\/wp\/v2\/posts\/5548\/revisions\/5552"}],"wp:attachment":[{"href":"https:\/\/santemc.quebec\/icentre\/wp-json\/wp\/v2\/media?parent=5548"}],"wp:term":[{"taxonomy":"category","embeddable":true,"href":"https:\/\/santemc.quebec\/icentre\/wp-json\/wp\/v2\/categories?post=5548"},{"taxonomy":"post_tag","embeddable":true,"href":"https:\/\/santemc.quebec\/icentre\/wp-json\/wp\/v2\/tags?post=5548"}],"curies":[{"name":"wp","href":"https:\/\/api.w.org\/{rel}","templated":true}]}}