{"id":5564,"date":"2017-10-25T08:26:06","date_gmt":"2017-10-25T12:26:06","guid":{"rendered":"http:\/\/santemc.quebec\/icentre\/?p=5564"},"modified":"2017-10-25T09:23:22","modified_gmt":"2017-10-25T13:23:22","slug":"des-pharmaciens-de-lhopital-du-haut-richelieu-recoivent-un-prix-dexcellence","status":"publish","type":"post","link":"https:\/\/santemc.quebec\/icentre\/des-pharmaciens-de-lhopital-du-haut-richelieu-recoivent-un-prix-dexcellence\/","title":{"rendered":"Des pharmaciens de l&rsquo;H\u00f4pital du Haut-Richelieu re\u00e7oivent un prix d&rsquo;excellence"},"content":{"rendered":"<div id=\"attachment_5621\" style=\"width: 310px\" class=\"wp-caption alignleft\"><a href=\"http:\/\/santemc.quebec\/santemc\/icentre\/wp-content\/uploads\/2017\/10\/22690491_1726955464267474_1535002045_o.jpg\"><img aria-describedby=\"caption-attachment-5621\" decoding=\"async\" loading=\"lazy\" class=\"wp-image-5621 size-medium\" src=\"http:\/\/santemc.quebec\/santemc\/icentre\/wp-content\/uploads\/2017\/10\/22690491_1726955464267474_1535002045_o-300x209.jpg\" alt=\"\" width=\"300\" height=\"209\" srcset=\"https:\/\/santemc.quebec\/santemc\/icentre\/wp-content\/uploads\/2017\/10\/22690491_1726955464267474_1535002045_o-300x209.jpg 300w, https:\/\/santemc.quebec\/santemc\/icentre\/wp-content\/uploads\/2017\/10\/22690491_1726955464267474_1535002045_o-768x536.jpg 768w, https:\/\/santemc.quebec\/santemc\/icentre\/wp-content\/uploads\/2017\/10\/22690491_1726955464267474_1535002045_o-1024x715.jpg 1024w, https:\/\/santemc.quebec\/santemc\/icentre\/wp-content\/uploads\/2017\/10\/22690491_1726955464267474_1535002045_o-430x300.jpg 430w, https:\/\/santemc.quebec\/santemc\/icentre\/wp-content\/uploads\/2017\/10\/22690491_1726955464267474_1535002045_o.jpg 2048w\" sizes=\"(max-width: 300px) 100vw, 300px\" \/><\/a><p id=\"caption-attachment-5621\" class=\"wp-caption-text\">Sur la photo : madame Lyne Lalonde, doyenne de la Facult\u00e9 de pharmacie de l&rsquo;Universit\u00e9 de Montr\u00e9al et madame Caroline Brais, pharmacienne \u00e0 l&rsquo;H\u00f4pital du Haut-Richelieu.<\/p><\/div>\n<p>La\u00a0facult\u00e9 de pharmacie de l&rsquo;Universit\u00e9 de Montr\u00e9al a remis aux pharmaciens de l&rsquo;H\u00f4pital du Haut-Richelieu un prix d&rsquo;excellence pour souligner leur engagement exemplaire en tant que cliniciens associ\u00e9s \u00e0 la formation des \u00e9tudiants en pharmacie. Cette mention d&rsquo;honneur a \u00e9t\u00e9 re\u00e7ue lors d&rsquo;une c\u00e9r\u00e9monie qui s&rsquo;est tenue dans le cadre du\u00a0Forum pour l\u2019avancement de la pratique pharmaceutique, le 14 octobre dernier.<!--more--><\/p>\n<p>Chaque ann\u00e9e, la Facult\u00e9 souligne la g\u00e9n\u00e9rosit\u00e9 et l&rsquo;investissement des cliniciens qui \u0153uvrent en \u00e9tablissement de sant\u00e9 et qui participent \u00e0 la formation des futures g\u00e9n\u00e9rations de pharmaciens.<\/p>\n<p>F\u00e9licitation aux pharmaciens de l&rsquo;H\u00f4pital et merci pour votre implication.<\/p>\n<p>&nbsp;<\/p>\n<p>Pour plus d&rsquo;information, consultez <a href=\"http:\/\/pharm.umontreal.ca\/faculte\/documentation\/nouvelles\/nouvelle\/news\/detail\/News\/prix-excellence-2017-le-meilleur-de-nos-cliniciens-associes\/\" target=\"_blank\" rel=\"noopener\">le site de la Facult\u00e9.<\/a><\/p>\n<p>&nbsp;<\/p>\n<p>&nbsp;<\/p>\n<p>&nbsp;<\/p>\n","protected":false},"excerpt":{"rendered":"<p>La\u00a0facult\u00e9 de pharmacie de l&rsquo;Universit\u00e9 de Montr\u00e9al a remis aux pharmaciens de l&rsquo;H\u00f4pital du Haut-Richelieu un prix d&rsquo;excellence pour souligner leur engagement exemplaire en tant que cliniciens associ\u00e9s \u00e0 la formation des \u00e9tudiants en pharmacie. Cette mention d&rsquo;honneur a \u00e9t\u00e9 &hellip; <a href=\"https:\/\/santemc.quebec\/icentre\/des-pharmaciens-de-lhopital-du-haut-richelieu-recoivent-un-prix-dexcellence\/\">Continuer la lecture <span class=\"meta-nav\">&rarr;<\/span><\/a><\/p>\n","protected":false},"author":1,"featured_media":0,"comment_status":"open","ping_status":"closed","sticky":false,"template":"","format":"standard","meta":{"footnotes":""},"categories":[1],"tags":[],"_links":{"self":[{"href":"https:\/\/santemc.quebec\/icentre\/wp-json\/wp\/v2\/posts\/5564"}],"collection":[{"href":"https:\/\/santemc.quebec\/icentre\/wp-json\/wp\/v2\/posts"}],"about":[{"href":"https:\/\/santemc.quebec\/icentre\/wp-json\/wp\/v2\/types\/post"}],"author":[{"embeddable":true,"href":"https:\/\/santemc.quebec\/icentre\/wp-json\/wp\/v2\/users\/1"}],"replies":[{"embeddable":true,"href":"https:\/\/santemc.quebec\/icentre\/wp-json\/wp\/v2\/comments?post=5564"}],"version-history":[{"count":13,"href":"https:\/\/santemc.quebec\/icentre\/wp-json\/wp\/v2\/posts\/5564\/revisions"}],"predecessor-version":[{"id":5666,"href":"https:\/\/santemc.quebec\/icentre\/wp-json\/wp\/v2\/posts\/5564\/revisions\/5666"}],"wp:attachment":[{"href":"https:\/\/santemc.quebec\/icentre\/wp-json\/wp\/v2\/media?parent=5564"}],"wp:term":[{"taxonomy":"category","embeddable":true,"href":"https:\/\/santemc.quebec\/icentre\/wp-json\/wp\/v2\/categories?post=5564"},{"taxonomy":"post_tag","embeddable":true,"href":"https:\/\/santemc.quebec\/icentre\/wp-json\/wp\/v2\/tags?post=5564"}],"curies":[{"name":"wp","href":"https:\/\/api.w.org\/{rel}","templated":true}]}}