{"id":5572,"date":"2017-10-16T16:18:10","date_gmt":"2017-10-16T20:18:10","guid":{"rendered":"http:\/\/santemc.quebec\/icentre\/?p=5572"},"modified":"2017-10-16T16:19:54","modified_gmt":"2017-10-16T20:19:54","slug":"campagne-hygiene-des-mains-a-vous-la-parole","status":"publish","type":"post","link":"https:\/\/santemc.quebec\/icentre\/campagne-hygiene-des-mains-a-vous-la-parole\/","title":{"rendered":"Campagne hygi\u00e8ne des mains \u2013 \u00c0 vous la parole!"},"content":{"rendered":"<p><a href=\"http:\/\/santemc.quebec\/santemc\/icentre\/wp-content\/uploads\/2017\/10\/Affiche-lowrez_CISSSMC.jpg\"><img decoding=\"async\" loading=\"lazy\" class=\"size-medium wp-image-5574 alignleft\" src=\"http:\/\/santemc.quebec\/santemc\/icentre\/wp-content\/uploads\/2017\/10\/Affiche-lowrez_CISSSMC-194x300.jpg\" alt=\"\" width=\"194\" height=\"300\" srcset=\"https:\/\/santemc.quebec\/santemc\/icentre\/wp-content\/uploads\/2017\/10\/Affiche-lowrez_CISSSMC-194x300.jpg 194w, https:\/\/santemc.quebec\/santemc\/icentre\/wp-content\/uploads\/2017\/10\/Affiche-lowrez_CISSSMC.jpg 535w\" sizes=\"(max-width: 194px) 100vw, 194px\" \/><\/a>Dans le cadre de la Semaine d\u2019hygi\u00e8ne des mains qui d\u00e9bute aujourd\u2019hui, le CISSS de la Mont\u00e9r\u00e9gie-Centre se joint aux CISSS de la Mont\u00e9r\u00e9gie-Est et Mont\u00e9r\u00e9gie-Ouest pour lancer la campagne \u00ab La solution entre vos mains \u00bb.<\/p>\n<p>L\u2019objectif principal de cette initiative r\u00e9gionale? Recueillir votre opinion sur les meilleures strat\u00e9gies permettant d\u2019am\u00e9liorer le taux de conformit\u00e9 \u00e0 l\u2019hygi\u00e8ne des mains au sein de nos \u00e9tablissements. En effet, en tant qu\u2019employ\u00e9, gestionnaire et m\u00e9decin, vous pouvez faire la diff\u00e9rence quant \u00e0 l\u2019application des bonnes pratiques li\u00e9es \u00e0 l\u2019hygi\u00e8ne des mains.<!--more--><\/p>\n<p><strong>Un sondage et des cartes-cadeaux \u00e0 gagner<\/strong><br \/>\nPour participer \u00e0 cette vaste consultation, vous \u00eates invit\u00e9 \u00e0 remplir un sondage en ligne qui est accessible d\u00e8s maintenant, et ce, jusqu\u2019au 3 novembre, \u00e0 l\u2019adresse suivante :<\/p>\n<p style=\"text-align: center;\"><a href=\"http:\/\/www.lasolutionentrevosmains.com\"><strong>www.lasolutionentrevosmains.com<\/strong><\/a><\/p>\n<p>Parmi tous les employ\u00e9s qui auront r\u00e9pondu au sondage et fourni leurs coordonn\u00e9es (demand\u00e9es \u00e0 la fin du questionnaire), nous ferons tirer au sort <strong>deux (2) cartes-cadeaux d\u2019une valeur de 50 $ chacune du centre commercial Quartier DIX30.<\/strong><\/p>\n<p>Participez en grand nombre avant le 3 novembre! Les gagnants seront annonc\u00e9s sur le i-Centre.<\/p>\n<p><strong>Tourn\u00e9e de l\u2019\u00e9quipe PCI<\/strong><br \/>\nDans le but de rappeler les principes d\u2019une bonne hygi\u00e8ne des mains, l\u2019\u00e9quipe de la pr\u00e9vention et du contr\u00f4le des infections (PCI) circulera dans les diff\u00e9rents secteurs des h\u00f4pitaux et de certaines installations au cours des prochaines semaines. Diff\u00e9rentes activit\u00e9s vous seront propos\u00e9es, tel un jeu-questionnaire interactif pour valider vos connaissances des bonnes pratiques. Parmi les employ\u00e9s qui auront particip\u00e9 aux activit\u00e9s et rempli un coupon de tirage, nous ferons \u00e9galement tirer au sort <strong>deux (2) cartes-cadeaux d\u2019une valeur de 50 $ chacune du centre commercial Quartier DIX30.<\/strong><\/p>\n<p>Pour conna\u00eetre l\u2019horaire de la tourn\u00e9e, consultez le tableau en cliquant <a href=\"http:\/\/santemc.quebec\/santemc\/icentre\/wp-content\/uploads\/2017\/10\/Tournee-hygiene-des-mains_2017.pdf\">ici<\/a>.<\/p>\n","protected":false},"excerpt":{"rendered":"<p>Dans le cadre de la Semaine d\u2019hygi\u00e8ne des mains qui d\u00e9bute aujourd\u2019hui, le CISSS de la Mont\u00e9r\u00e9gie-Centre se joint aux CISSS de la Mont\u00e9r\u00e9gie-Est et Mont\u00e9r\u00e9gie-Ouest pour lancer la campagne \u00ab La solution entre vos mains \u00bb. L\u2019objectif principal de &hellip; <a href=\"https:\/\/santemc.quebec\/icentre\/campagne-hygiene-des-mains-a-vous-la-parole\/\">Continuer la lecture <span class=\"meta-nav\">&rarr;<\/span><\/a><\/p>\n","protected":false},"author":8,"featured_media":0,"comment_status":"open","ping_status":"closed","sticky":false,"template":"","format":"standard","meta":{"footnotes":""},"categories":[1],"tags":[],"_links":{"self":[{"href":"https:\/\/santemc.quebec\/icentre\/wp-json\/wp\/v2\/posts\/5572"}],"collection":[{"href":"https:\/\/santemc.quebec\/icentre\/wp-json\/wp\/v2\/posts"}],"about":[{"href":"https:\/\/santemc.quebec\/icentre\/wp-json\/wp\/v2\/types\/post"}],"author":[{"embeddable":true,"href":"https:\/\/santemc.quebec\/icentre\/wp-json\/wp\/v2\/users\/8"}],"replies":[{"embeddable":true,"href":"https:\/\/santemc.quebec\/icentre\/wp-json\/wp\/v2\/comments?post=5572"}],"version-history":[{"count":6,"href":"https:\/\/santemc.quebec\/icentre\/wp-json\/wp\/v2\/posts\/5572\/revisions"}],"predecessor-version":[{"id":5581,"href":"https:\/\/santemc.quebec\/icentre\/wp-json\/wp\/v2\/posts\/5572\/revisions\/5581"}],"wp:attachment":[{"href":"https:\/\/santemc.quebec\/icentre\/wp-json\/wp\/v2\/media?parent=5572"}],"wp:term":[{"taxonomy":"category","embeddable":true,"href":"https:\/\/santemc.quebec\/icentre\/wp-json\/wp\/v2\/categories?post=5572"},{"taxonomy":"post_tag","embeddable":true,"href":"https:\/\/santemc.quebec\/icentre\/wp-json\/wp\/v2\/tags?post=5572"}],"curies":[{"name":"wp","href":"https:\/\/api.w.org\/{rel}","templated":true}]}}