{"id":5582,"date":"2017-10-17T13:58:58","date_gmt":"2017-10-17T17:58:58","guid":{"rendered":"http:\/\/santemc.quebec\/icentre\/?p=5582"},"modified":"2017-10-17T14:16:41","modified_gmt":"2017-10-17T18:16:41","slug":"semez-lespoir-chez-les-gens-dans-le-besoin","status":"publish","type":"post","link":"https:\/\/santemc.quebec\/icentre\/semez-lespoir-chez-les-gens-dans-le-besoin\/","title":{"rendered":"Semez l\u2019espoir chez les gens dans le besoin"},"content":{"rendered":"<p style=\"text-align: left;\"><a href=\"http:\/\/santemc.quebec\/santemc\/icentre\/wp-content\/uploads\/2017\/10\/fleur.jpg\"><img decoding=\"async\" loading=\"lazy\" class=\"alignleft wp-image-5583 size-thumbnail\" src=\"http:\/\/santemc.quebec\/santemc\/icentre\/wp-content\/uploads\/2017\/10\/fleur-150x150.jpg\" alt=\"\" width=\"150\" height=\"150\" \/><\/a>La campagne Entraide 2017 de notre CISSS est officiellement lanc\u00e9e. Une fois de plus cette ann\u00e9e, je suis fier d\u2019\u00eatre le pr\u00e9sident de la campagne pour notre organisation. Ensemble, en faisant preuve de g\u00e9n\u00e9rosit\u00e9, nous parviendrons \u00e0 atteindre l\u2019objectif du CISSS de la Mont\u00e9r\u00e9gie, qui a \u00e9t\u00e9 fix\u00e9 \u00e0 12\u00a0000 $.<\/p>\n<p><!--more--><\/p>\n<p>Tous les dons, peu importe leur montant, font une diff\u00e9rence. La totalit\u00e9 des dons re\u00e7us est remise aux organismes philanthropiques b\u00e9n\u00e9ficiaires qui contribuent, chaque jour, \u00e0 l&rsquo;am\u00e9lioration, \u00e0 la continuit\u00e9 et \u00e0 la stabilit\u00e9 des services offerts aux personnes ayant une sant\u00e9 pr\u00e9caire ainsi qu&rsquo;\u00e0 celles qui sont exclues socialement, qui vivent dans la pauvret\u00e9 ou encore qui sont victimes d&rsquo;un sinistre.<\/p>\n<p>Vous avez l\u2019intention de participer \u00e0 cette grande cha\u00eene de g\u00e9n\u00e9rosit\u00e9? Vous avez donc<strong> jusqu\u2019au 17 novembre<\/strong> pour transmettre le formulaire de souscription que vous remettra sous peu votre gestionnaire, d\u00fbment rempli, par courriel \u00e0 <a href=\"mailto:caroline.robert@rrsss16.gouv.qc.ca\">caroline.robert@rrsss16.gouv.qc.ca\u00a0<\/a>ou par la poste \u00e0 l\u2019attention de\u00a0:<br \/>\nCaroline Robert<br \/>\nDirection des ressources humaines, des communications et des affaires juridiques<br \/>\n365, rue Normand, bureau 1, local 105<br \/>\nSaint-Jean-sur-Richelieu (Qu\u00e9bec)\u00a0 J3A 1T6<\/p>\n<p><a href=\"http:\/\/www.entraide.gouv.qc.ca\/artisans\/publications\/pdf\/fiche-souscription-generale.pdf\" target=\"_blank\" rel=\"noopener\">Formulaire de souscription disponible en fichier PDF<\/a><\/p>\n<div style=\"border: 1px solid #b6c0cc;\">\n<p style=\"padding-left: 30px;\"><strong>Gr\u00e2ce \u00e0 vos dons<\/strong><br \/>\n<strong>Centraide<br \/>\n<\/strong>Une retenue de<strong>\u00a02 $ par paie<\/strong>\u00a0permet d\u2019offrir quatre clubs de devoirs par semaine durant la p\u00e9riode scolaire et de soutenir annuellement pr\u00e8s de 70 jeunes \u00e0 risque qui vivent certaines difficult\u00e9s d\u2019apprentissage.<\/p>\n<p style=\"padding-left: 30px;\">Les 18 Centraide investissent l\u00e0 o\u00f9 les besoins sont les plus pressants pour soutenir la r\u00e9ussite des jeunes; assurer l&rsquo;essentiel; briser l&rsquo;isolement social; b\u00e2tir des milieux de vie rassembleurs.<\/p>\n<p style=\"padding-left: 30px;\"><strong>*<\/strong> Notez que Centraide du Grand-Montr\u00e9al soutient des organismes situ\u00e9s dans les localit\u00e9s et quartiers de la Mont\u00e9r\u00e9gie.<\/p>\n<p style=\"padding-left: 30px;\"><strong>PartenaireSant\u00e9-Qu\u00e9bec<br \/>\n<\/strong>Une retenue de 5 $ par paie permet \u00e0 un physioth\u00e9rapeute d\u2019enseigner aux parents d\u2019un enfant atteint de fibrose kystique les techniques aidant \u00e0 d\u00e9gager les poumons de leur enfant.<\/p>\n<p style=\"padding-left: 30px;\">Ces 16 organismes am\u00e9liorent la qualit\u00e9 de vie des personnes malades par le biais de programmes et services personnalis\u00e9s. De plus, ils sensibilisent la population aux maladies \u00e9vitables en faisant de la pr\u00e9vention et en encourageant un mode de vie sain.<\/p>\n<p style=\"padding-left: 30px;\"><strong>Liste des 16 organimes PartenaireSant\u00e9-Qu\u00e9bec<br \/>\n<\/strong>C\u0153ur + AVC<br \/>\nCrohn et Colite Canada<br \/>\nDiab\u00e8te Qu\u00e9bec<br \/>\nDystrophie musculaire Canada<br \/>\nF\u00e9d\u00e9ration qu\u00e9b\u00e9coise des Soci\u00e9t\u00e9s Alzheimer<br \/>\nFibrose kystique Canada-Qu\u00e9bec<br \/>\nFondation canadienne du foie<br \/>\nLa Fondation canadienne du rein &#8211; Division du Qu\u00e9bec<br \/>\nLa Soci\u00e9t\u00e9 de l\u2019arthrite &#8211; Division du Qu\u00e9bec<br \/>\nL\u2019Association pulmonaire du Qu\u00e9bec<br \/>\nParkinson Canada \u2013 Qu\u00e9bec<br \/>\nSoci\u00e9t\u00e9 canadienne de l\u2019h\u00e9mophilie &#8211; Section Qu\u00e9bec<br \/>\nSoci\u00e9t\u00e9 canadienne de la scl\u00e9rose en plaques &#8211; Division du Qu\u00e9bec<br \/>\nSoci\u00e9t\u00e9 canadienne du cancer &#8211; Division du Qu\u00e9bec<br \/>\nSoci\u00e9t\u00e9 de la SLA du Qu\u00e9bec<br \/>\nSoci\u00e9t\u00e9 Huntington du Qu\u00e9bec<\/p>\n<p style=\"padding-left: 30px;\"><strong>Croix-Rouge canadienne, Qu\u00e9bec<br \/>\n<\/strong>Une retenue de\u00a0<strong>2 $ par paie<\/strong>\u00a0permet \u00e0 des b\u00e9n\u00e9voles de la Croix-Rouge d&rsquo;\u00e9pauler une m\u00e8re et ses deux enfants dont la maison et les souvenirs viennent de partir en fum\u00e9e.<\/p>\n<p style=\"padding-left: 30px;\">D\u2019un bout \u00e0 l\u2019autre de la province, vos dons permettent d\u2019offrir l\u2019essentiel\u00a0\u00e0 ceux et celles dont la vie bascule subitement : un toit, de la nourriture, des v\u00eatements neufs, une oreille attentive.<\/p>\n<\/div>\n<p>Pour toute question sur la campagne Entraide, vous pouvez communiquer avec Mme Caroline\u00a0Robert au 450\u00a0358-2572, poste 3219.<\/p>\n<p>Je vous remercie de votre g\u00e9n\u00e9rosit\u00e9.<\/p>\n<p>Dr Jean Rodrigue, directeur des services professionnels et pr\u00e9sident de la campagne Entraide<\/p>\n","protected":false},"excerpt":{"rendered":"<p>La campagne Entraide 2017 de notre CISSS est officiellement lanc\u00e9e. Une fois de plus cette ann\u00e9e, je suis fier d\u2019\u00eatre le pr\u00e9sident de la campagne pour notre organisation. Ensemble, en faisant preuve de g\u00e9n\u00e9rosit\u00e9, nous parviendrons \u00e0 atteindre l\u2019objectif du &hellip; <a href=\"https:\/\/santemc.quebec\/icentre\/semez-lespoir-chez-les-gens-dans-le-besoin\/\">Continuer la lecture <span class=\"meta-nav\">&rarr;<\/span><\/a><\/p>\n","protected":false},"author":9,"featured_media":0,"comment_status":"open","ping_status":"closed","sticky":false,"template":"","format":"standard","meta":{"footnotes":""},"categories":[1],"tags":[],"_links":{"self":[{"href":"https:\/\/santemc.quebec\/icentre\/wp-json\/wp\/v2\/posts\/5582"}],"collection":[{"href":"https:\/\/santemc.quebec\/icentre\/wp-json\/wp\/v2\/posts"}],"about":[{"href":"https:\/\/santemc.quebec\/icentre\/wp-json\/wp\/v2\/types\/post"}],"author":[{"embeddable":true,"href":"https:\/\/santemc.quebec\/icentre\/wp-json\/wp\/v2\/users\/9"}],"replies":[{"embeddable":true,"href":"https:\/\/santemc.quebec\/icentre\/wp-json\/wp\/v2\/comments?post=5582"}],"version-history":[{"count":6,"href":"https:\/\/santemc.quebec\/icentre\/wp-json\/wp\/v2\/posts\/5582\/revisions"}],"predecessor-version":[{"id":5589,"href":"https:\/\/santemc.quebec\/icentre\/wp-json\/wp\/v2\/posts\/5582\/revisions\/5589"}],"wp:attachment":[{"href":"https:\/\/santemc.quebec\/icentre\/wp-json\/wp\/v2\/media?parent=5582"}],"wp:term":[{"taxonomy":"category","embeddable":true,"href":"https:\/\/santemc.quebec\/icentre\/wp-json\/wp\/v2\/categories?post=5582"},{"taxonomy":"post_tag","embeddable":true,"href":"https:\/\/santemc.quebec\/icentre\/wp-json\/wp\/v2\/tags?post=5582"}],"curies":[{"name":"wp","href":"https:\/\/api.w.org\/{rel}","templated":true}]}}