{"id":5601,"date":"2017-10-18T09:31:11","date_gmt":"2017-10-18T13:31:11","guid":{"rendered":"http:\/\/santemc.quebec\/icentre\/?p=5601"},"modified":"2017-10-18T09:31:11","modified_gmt":"2017-10-18T13:31:11","slug":"ips-des-alliees-precieuses-pour-notre-cisss","status":"publish","type":"post","link":"https:\/\/santemc.quebec\/icentre\/ips-des-alliees-precieuses-pour-notre-cisss\/","title":{"rendered":"IPS : des alli\u00e9es pr\u00e9cieuses pour notre CISSS"},"content":{"rendered":"<div id=\"attachment_5602\" style=\"width: 310px\" class=\"wp-caption alignleft\"><a href=\"http:\/\/santemc.quebec\/santemc\/icentre\/wp-content\/uploads\/2017\/10\/IMG_0442_modifie.jpg\"><img aria-describedby=\"caption-attachment-5602\" decoding=\"async\" loading=\"lazy\" class=\"wp-image-5602 size-medium\" src=\"http:\/\/santemc.quebec\/santemc\/icentre\/wp-content\/uploads\/2017\/10\/IMG_0442_modifie-300x216.jpg\" alt=\"\" width=\"300\" height=\"216\" srcset=\"https:\/\/santemc.quebec\/santemc\/icentre\/wp-content\/uploads\/2017\/10\/IMG_0442_modifie-300x216.jpg 300w, https:\/\/santemc.quebec\/santemc\/icentre\/wp-content\/uploads\/2017\/10\/IMG_0442_modifie-768x554.jpg 768w, https:\/\/santemc.quebec\/santemc\/icentre\/wp-content\/uploads\/2017\/10\/IMG_0442_modifie-1024x739.jpg 1024w, https:\/\/santemc.quebec\/santemc\/icentre\/wp-content\/uploads\/2017\/10\/IMG_0442_modifie-416x300.jpg 416w\" sizes=\"(max-width: 300px) 100vw, 300px\" \/><\/a><p id=\"caption-attachment-5602\" class=\"wp-caption-text\">Les IPS du CISSSMC. En avant : Kristel Constance, Bich-Lien Nguyen, Vanessa Boutin, Natalie Richer, Catherine Deslandes, Val\u00e9rie Nolin-Rolland, Anne Bernatchez. En arri\u00e8re : H\u00e9l\u00e8ne Giroux, Leticia-Sue Bergeron, Marie-\u00c8ve Beauchemin, Julie Robidoux, Marianne Fortin, Laurence Verschelden, Nancy Guillemette et Bruno Provost-Bazinet. Absentes : Anne-Marie Veillette, Gabrielle Fr\u00e9chette, Laurie Deschamps et Nathalie Slavtcheva.<\/p><\/div>\n<p>Saviez-vous que le CISSS de la Mont\u00e9r\u00e9gie-Centre compte actuellement parmi ses rangs 19 infirmi\u00e8res praticiennes sp\u00e9cialis\u00e9es (IPS)? Une profession qui fait du chemin \u00e9tant donn\u00e9 que la premi\u00e8re IPS est arriv\u00e9e il y a seulement sept ans. Dans nos installations, 17 d\u2019entre elles \u0153uvrent en soins de premi\u00e8re ligne, alors que deux autres exercent leur profession en n\u00e9phrologie. Bonne nouvelle, en janvier 2018, deux autres IPS se joindront \u00e0 cette \u00e9quipe!<\/p>\n<p><!--more--><\/p>\n<p><strong>Quel est le r\u00f4le d\u2019une IPS?<br \/>\n<\/strong>Les infirmi\u00e8res praticiennes sp\u00e9cialis\u00e9es sont des infirmi\u00e8res qui poss\u00e8dent une exp\u00e9rience clinique dans un domaine sp\u00e9cifique et qui d\u00e9tiennent un dipl\u00f4me de deuxi\u00e8me cycle en sciences infirmi\u00e8res et en sciences m\u00e9dicales.<\/p>\n<p>L\u2019IPS est habilit\u00e9e \u00e0 exercer les activit\u00e9s r\u00e9serv\u00e9es aux infirmi\u00e8res et, \u00e0 certaines conditions, \u00e0 exercer cinq activit\u00e9s m\u00e9dicales qui caract\u00e9risent plus sp\u00e9cifiquement leur champ de comp\u00e9tences. Ainsi, elles sont en mesure, notamment, de prescrire des examens diagnostiques, des m\u00e9dicaments ainsi que des traitements m\u00e9dicaux, en plus d\u2019effectuer certaines interventions invasives. Les IPS sont sous la responsabilit\u00e9 de la Direction des soins infirmiers, mais travaillent en \u00e9troite collaboration avec leurs m\u00e9decins partenaires.<\/p>\n<p>Plusieurs raisons motivent les infirmi\u00e8res \u00e0 choisir cette profession stimulante. Parmi celles-ci, le fait de b\u00e9n\u00e9ficier d\u2019une autonomie professionnelle \u00e9largie, d\u2019agir \u00e0 titre d\u2019ambassadeurs de la profession pour mieux la faire conna\u00eetre. Cette profession permet d\u2019augmenter l\u2019accessibilit\u00e9 aux services de sant\u00e9, car les IPS en premi\u00e8re ligne sont en mesure de prendre en charge approximativement 500 patients.<\/p>\n<p><strong>Une profession en essor<br \/>\n<\/strong>L\u2019objectif minist\u00e9riel est d\u2019avoir un total de 2000 IPS au Qu\u00e9bec d\u2019ici 2024, soit 75 au sein du CISSSMC. De nombreuses universit\u00e9s offrent ce programme de formation qui gagne en popularit\u00e9. Les prochaines cohortes b\u00e9n\u00e9ficieront de nouvelles sp\u00e9cialit\u00e9s, notamment en sant\u00e9 mentale et en soins aux adultes.<\/p>\n<p>\u00c0 cet effet, un programme d\u2019int\u00e9ressement du MSSS a \u00e9t\u00e9 mis sur pied afin d\u2019aider financi\u00e8rement les candidats \u00e0 la profession d\u2019IPS. Une bourse de 60\u00a0000 $ est offerte aux \u00e9tudiants admis \u00e0 cette ma\u00eetrise et qui r\u00e9pondent aux exigences. \u00c0 qui la chance?<\/p>\n<p>Pour plus d\u2019information : <a href=\"http:\/\/www.oiiq.org\/pratique-infirmiere\/specialites\/infirmiere-praticienne-specialisee\" target=\"_blank\" rel=\"noopener\">www.oiiq.org\/pratique-infirmiere\/specialites\/infirmiere-praticienne-specialisee<\/a><\/p>\n","protected":false},"excerpt":{"rendered":"<p>Saviez-vous que le CISSS de la Mont\u00e9r\u00e9gie-Centre compte actuellement parmi ses rangs 19 infirmi\u00e8res praticiennes sp\u00e9cialis\u00e9es (IPS)? Une profession qui fait du chemin \u00e9tant donn\u00e9 que la premi\u00e8re IPS est arriv\u00e9e il y a seulement sept ans. Dans nos installations, &hellip; <a href=\"https:\/\/santemc.quebec\/icentre\/ips-des-alliees-precieuses-pour-notre-cisss\/\">Continuer la lecture <span class=\"meta-nav\">&rarr;<\/span><\/a><\/p>\n","protected":false},"author":9,"featured_media":0,"comment_status":"open","ping_status":"closed","sticky":false,"template":"","format":"standard","meta":{"footnotes":""},"categories":[1],"tags":[],"_links":{"self":[{"href":"https:\/\/santemc.quebec\/icentre\/wp-json\/wp\/v2\/posts\/5601"}],"collection":[{"href":"https:\/\/santemc.quebec\/icentre\/wp-json\/wp\/v2\/posts"}],"about":[{"href":"https:\/\/santemc.quebec\/icentre\/wp-json\/wp\/v2\/types\/post"}],"author":[{"embeddable":true,"href":"https:\/\/santemc.quebec\/icentre\/wp-json\/wp\/v2\/users\/9"}],"replies":[{"embeddable":true,"href":"https:\/\/santemc.quebec\/icentre\/wp-json\/wp\/v2\/comments?post=5601"}],"version-history":[{"count":1,"href":"https:\/\/santemc.quebec\/icentre\/wp-json\/wp\/v2\/posts\/5601\/revisions"}],"predecessor-version":[{"id":5603,"href":"https:\/\/santemc.quebec\/icentre\/wp-json\/wp\/v2\/posts\/5601\/revisions\/5603"}],"wp:attachment":[{"href":"https:\/\/santemc.quebec\/icentre\/wp-json\/wp\/v2\/media?parent=5601"}],"wp:term":[{"taxonomy":"category","embeddable":true,"href":"https:\/\/santemc.quebec\/icentre\/wp-json\/wp\/v2\/categories?post=5601"},{"taxonomy":"post_tag","embeddable":true,"href":"https:\/\/santemc.quebec\/icentre\/wp-json\/wp\/v2\/tags?post=5601"}],"curies":[{"name":"wp","href":"https:\/\/api.w.org\/{rel}","templated":true}]}}