{"id":5616,"date":"2017-10-19T15:14:03","date_gmt":"2017-10-19T19:14:03","guid":{"rendered":"http:\/\/santemc.quebec\/icentre\/?p=5616"},"modified":"2017-10-19T15:14:48","modified_gmt":"2017-10-19T19:14:48","slug":"sans-abri-le-temps-dune-nuit","status":"publish","type":"post","link":"https:\/\/santemc.quebec\/icentre\/sans-abri-le-temps-dune-nuit\/","title":{"rendered":"Sans-abri, le temps d\u2019une nuit"},"content":{"rendered":"<p><a href=\"http:\/\/santemc.quebec\/santemc\/icentre\/wp-content\/uploads\/2017\/10\/logo-LNSA-horizontal-2pouces-reverse.png\"><img decoding=\"async\" loading=\"lazy\" class=\"size-medium wp-image-5619 alignleft\" src=\"http:\/\/santemc.quebec\/santemc\/icentre\/wp-content\/uploads\/2017\/10\/logo-LNSA-horizontal-2pouces-reverse-300x98.png\" alt=\"\" width=\"300\" height=\"98\" srcset=\"https:\/\/santemc.quebec\/santemc\/icentre\/wp-content\/uploads\/2017\/10\/logo-LNSA-horizontal-2pouces-reverse-300x98.png 300w, https:\/\/santemc.quebec\/santemc\/icentre\/wp-content\/uploads\/2017\/10\/logo-LNSA-horizontal-2pouces-reverse-500x163.png 500w, https:\/\/santemc.quebec\/santemc\/icentre\/wp-content\/uploads\/2017\/10\/logo-LNSA-horizontal-2pouces-reverse.png 600w\" sizes=\"(max-width: 300px) 100vw, 300px\" \/><\/a>Que diriez-vous de passer la soir\u00e9e du 20 octobre prochain \u00e0 la belle \u00e9toile? Il ne s\u2019agit pas ici d\u2019une invitation pour une activit\u00e9 en plein air, mais bien d\u2019un rendez-vous annuel appel\u00e9 la Nuit des sans-abri. Cet \u00e9v\u00e9nement qui en est \u00e0 sa 28<sup>e<\/sup> \u00e9dition poursuit l\u2019objectif de sensibiliser la population \u00e0 la r\u00e9alit\u00e9 de milliers de personnes qui vivent dans la rue. Un beau geste de solidarit\u00e9 manifest\u00e9 \u00e0 l\u2019\u00e9gard de la situation des sans-abri afin de d\u00e9noncer la pauvret\u00e9, la d\u00e9saffiliation sociale et l\u2019itin\u00e9rance.<\/p>\n<p><!--more--><\/p>\n<p>\u00c0 cet effet, diff\u00e9rents partenaires du Comit\u00e9 directeur intersectoriel de lutte \u00e0 l\u2019itin\u00e9rance de la Mont\u00e9r\u00e9gie, des organisateurs communautaires et des repr\u00e9sentants de la Direction des programmes de sant\u00e9 mentale et d\u00e9pendance du CISSS de la Mont\u00e9r\u00e9gie-Centre participeront \u00e0 cette \u00e9dition de la Nuit des sans-abri.<\/p>\n<p>Cet \u00e9v\u00e9nement se d\u00e9roule simultan\u00e9ment dans plus de 40 municipalit\u00e9s au Qu\u00e9bec, dont Longueuil, Saint-Hyacinthe, Sorel, Valleyfield. Diff\u00e9rentes activit\u00e9s sont organis\u00e9es tout au long de la nuit telles qu\u2019un concours d\u2019abris de fortune, une marche de solidarit\u00e9, un concert, la distribution de soupe et caf\u00e9, etc. Participez-y en grand nombre!<\/p>\n<p>Pour en savoir davantage sur la Nuit des sans-abri\u00a0: <a href=\"http:\/\/www.nuitdessansabri.com\" target=\"_blank\" rel=\"noopener\">www.nuitdessansabri.com<\/a><\/p>\n<p><strong>L\u2019itin\u00e9rance en Mont\u00e9r\u00e9gie<br \/>\n<\/strong>Il est encore difficile de chiffrer le ph\u00e9nom\u00e8ne de l\u2019itin\u00e9rance, mais on estime que pr\u00e8s de 2000 personnes sont en situation d\u2019itin\u00e9rance et 6500 \u00e0 risque de le devenir, r\u00e9parties dans six territoires \u00e0 l\u2019\u00e9tude en Mont\u00e9r\u00e9gie en 2015. Ces personnes pr\u00e9sentent g\u00e9n\u00e9ralement les probl\u00e9matiques suivantes\u00a0: sans emploi, pauvret\u00e9, isolement social et instabilit\u00e9 au plan du logement.<\/p>\n","protected":false},"excerpt":{"rendered":"<p>Que diriez-vous de passer la soir\u00e9e du 20 octobre prochain \u00e0 la belle \u00e9toile? Il ne s\u2019agit pas ici d\u2019une invitation pour une activit\u00e9 en plein air, mais bien d\u2019un rendez-vous annuel appel\u00e9 la Nuit des sans-abri. Cet \u00e9v\u00e9nement qui &hellip; <a href=\"https:\/\/santemc.quebec\/icentre\/sans-abri-le-temps-dune-nuit\/\">Continuer la lecture <span class=\"meta-nav\">&rarr;<\/span><\/a><\/p>\n","protected":false},"author":9,"featured_media":0,"comment_status":"open","ping_status":"closed","sticky":false,"template":"","format":"standard","meta":{"footnotes":""},"categories":[1],"tags":[],"_links":{"self":[{"href":"https:\/\/santemc.quebec\/icentre\/wp-json\/wp\/v2\/posts\/5616"}],"collection":[{"href":"https:\/\/santemc.quebec\/icentre\/wp-json\/wp\/v2\/posts"}],"about":[{"href":"https:\/\/santemc.quebec\/icentre\/wp-json\/wp\/v2\/types\/post"}],"author":[{"embeddable":true,"href":"https:\/\/santemc.quebec\/icentre\/wp-json\/wp\/v2\/users\/9"}],"replies":[{"embeddable":true,"href":"https:\/\/santemc.quebec\/icentre\/wp-json\/wp\/v2\/comments?post=5616"}],"version-history":[{"count":2,"href":"https:\/\/santemc.quebec\/icentre\/wp-json\/wp\/v2\/posts\/5616\/revisions"}],"predecessor-version":[{"id":5620,"href":"https:\/\/santemc.quebec\/icentre\/wp-json\/wp\/v2\/posts\/5616\/revisions\/5620"}],"wp:attachment":[{"href":"https:\/\/santemc.quebec\/icentre\/wp-json\/wp\/v2\/media?parent=5616"}],"wp:term":[{"taxonomy":"category","embeddable":true,"href":"https:\/\/santemc.quebec\/icentre\/wp-json\/wp\/v2\/categories?post=5616"},{"taxonomy":"post_tag","embeddable":true,"href":"https:\/\/santemc.quebec\/icentre\/wp-json\/wp\/v2\/tags?post=5616"}],"curies":[{"name":"wp","href":"https:\/\/api.w.org\/{rel}","templated":true}]}}