{"id":5635,"date":"2017-10-24T11:26:38","date_gmt":"2017-10-24T15:26:38","guid":{"rendered":"http:\/\/santemc.quebec\/icentre\/?p=5635"},"modified":"2017-10-24T11:26:38","modified_gmt":"2017-10-24T15:26:38","slug":"temoignages-dusagers-katherine-bellemare","status":"publish","type":"post","link":"https:\/\/santemc.quebec\/icentre\/temoignages-dusagers-katherine-bellemare\/","title":{"rendered":"T\u00e9moignages d&rsquo;usagers : Katherine Bellemare"},"content":{"rendered":"<p><em><a href=\"http:\/\/santemc.quebec\/santemc\/icentre\/wp-content\/uploads\/2017\/10\/temoignages-1.png\"><img decoding=\"async\" loading=\"lazy\" class=\"aligncenter size-full wp-image-5639\" src=\"http:\/\/santemc.quebec\/santemc\/icentre\/wp-content\/uploads\/2017\/10\/temoignages-1.png\" alt=\"\" width=\"848\" height=\"213\" srcset=\"https:\/\/santemc.quebec\/santemc\/icentre\/wp-content\/uploads\/2017\/10\/temoignages-1.png 848w, https:\/\/santemc.quebec\/santemc\/icentre\/wp-content\/uploads\/2017\/10\/temoignages-1-300x75.png 300w, https:\/\/santemc.quebec\/santemc\/icentre\/wp-content\/uploads\/2017\/10\/temoignages-1-768x193.png 768w, https:\/\/santemc.quebec\/santemc\/icentre\/wp-content\/uploads\/2017\/10\/temoignages-1-500x126.png 500w\" sizes=\"(max-width: 848px) 100vw, 848px\" \/><\/a>Dans le cadre de la Semaine de la rentr\u00e9e, nous vous pr\u00e9sentons des t\u00e9moignages d\u2019usagers ayant re\u00e7u des services dans nos installations. Voici celui de Katherine.<\/em><\/p>\n<hr \/>\n<p>En d\u00e9cembre 2013, \u00e0 quelques jours du temps des F\u00eates, je me suis pr\u00e9sent\u00e9e \u00e0 l\u2019urgence de l\u2019H\u00f4pital Charles-Le Moyne avec un papier du m\u00e9decin qui soulignait la possibilit\u00e9 d\u2019une masse dans la r\u00e9gion du thorax. Alors que je m\u2019\u00e9tais faite \u00e0 l\u2019id\u00e9e de la maladie qui m\u2019affligeait, un urgentologue a os\u00e9 mettre les mots justes\u00a0: possiblement un lymphome d\u2019Hodgkin.<!--more--><\/p>\n<p>Bien qu\u2019\u00e0 23 ans on ne peut s\u2019attendre \u00e0 ce type de diagnostic, le personnel de l\u2019urgence, compos\u00e9 d\u2019infirmiers, de techniciens en radiologie, de pr\u00e9pos\u00e9s aux b\u00e9n\u00e9ficiaires, de brancardiers et de m\u00e9decins g\u00e9n\u00e9ralistes et sp\u00e9cialistes, a su faire toute la diff\u00e9rence. Ils m\u2019ont permis d\u2019assimiler, sans panique, un diagnostic difficile. Ils ont su me supporter sur les plans physique et \u00e9motionnel de mani\u00e8re personnalis\u00e9e.<\/p>\n<p>En cette veille de No\u00ebl, j\u2019ai eu le sentiment d\u2019\u00eatre un petit miracle, car apr\u00e8s seulement une journ\u00e9e pass\u00e9e \u00e0 l\u2019urgence, je ressortais avec un diagnostic et un plan approximatif de traitements. En effet, j\u2019ai subi \u00a0des prises de sang, des radiographies et une biopsie, le tout sans rendez-vous! L\u2019efficacit\u00e9 des employ\u00e9s de l\u2019H\u00f4pital Charles-Le Moyne m\u2019a permis de rentrer chez moi pour le r\u00e9veillon, alors que toute l\u2019\u00e9quipe, elle, continuait son merveilleux travail.<\/p>\n<p><img decoding=\"async\" loading=\"lazy\" class=\"alignleft size-medium wp-image-5637\" src=\"http:\/\/santemc.quebec\/santemc\/icentre\/wp-content\/uploads\/2017\/10\/IMG_E0481-225x300.jpg\" alt=\"\" width=\"225\" height=\"300\" srcset=\"https:\/\/santemc.quebec\/santemc\/icentre\/wp-content\/uploads\/2017\/10\/IMG_E0481-225x300.jpg 225w, https:\/\/santemc.quebec\/santemc\/icentre\/wp-content\/uploads\/2017\/10\/IMG_E0481-768x1024.jpg 768w\" sizes=\"(max-width: 225px) 100vw, 225px\" \/><\/p>\n<p>L\u2019ann\u00e9e 2014 a d\u00e9but\u00e9 pour moi par un rendez-vous en h\u00e9mato-oncologie. Au cours des six mois qui ont suivi, j\u2019ai d\u00e9couvert une \u00e9quipe attentionn\u00e9e, apaisante et hautement comp\u00e9tente. Chaque employ\u00e9 rencontr\u00e9 dans ce service a toujours eu un sourire ou un mot gentil \u00e0 un moment o\u00f9 j\u2019en avais besoin. La rapidit\u00e9 avec laquelle il me fournissait une r\u00e9ponse ou r\u00e9pondait \u00e0 l\u2019un de mes besoins m\u2019impressionne encore aujourd\u2019hui. La belle dynamique qui r\u00e9gnait entre les employ\u00e9s et la chaleur avec laquelle ils me recevaient m\u2019ont permis d\u2019y trouver du r\u00e9confort.<\/p>\n<p>Aujourd\u2019hui, je suis en r\u00e9mission et parler de cette p\u00e9riode de ma vie ne m\u2019est aucunement douloureux gr\u00e2ce \u00e0 vous, employ\u00e9s de l\u2019urgence et de l\u2019h\u00e9mato-oncologie, qui avez su faire de ce moment difficile une exp\u00e9rience somme toute positive.<\/p>\n<p>Depuis quelques mois, je travaille pour le CISSS de la Mont\u00e9r\u00e9gie-Centre. Si je peux contribuer de quelque mani\u00e8re que ce soit \u00e0 produire d\u2019autres petits miracles du r\u00e9seau de la sant\u00e9 et des services sociaux, je sentirai que j\u2019aurai redonn\u00e9 \u00e0 mon tour.<\/p>\n<p>&nbsp;<\/p>\n<p>&nbsp;<\/p>\n","protected":false},"excerpt":{"rendered":"<p>Dans le cadre de la Semaine de la rentr\u00e9e, nous vous pr\u00e9sentons des t\u00e9moignages d\u2019usagers ayant re\u00e7u des services dans nos installations. Voici celui de Katherine. En d\u00e9cembre 2013, \u00e0 quelques jours du temps des F\u00eates, je me suis pr\u00e9sent\u00e9e &hellip; <a href=\"https:\/\/santemc.quebec\/icentre\/temoignages-dusagers-katherine-bellemare\/\">Continuer la lecture <span class=\"meta-nav\">&rarr;<\/span><\/a><\/p>\n","protected":false},"author":1,"featured_media":0,"comment_status":"open","ping_status":"closed","sticky":false,"template":"","format":"standard","meta":{"footnotes":""},"categories":[1],"tags":[],"_links":{"self":[{"href":"https:\/\/santemc.quebec\/icentre\/wp-json\/wp\/v2\/posts\/5635"}],"collection":[{"href":"https:\/\/santemc.quebec\/icentre\/wp-json\/wp\/v2\/posts"}],"about":[{"href":"https:\/\/santemc.quebec\/icentre\/wp-json\/wp\/v2\/types\/post"}],"author":[{"embeddable":true,"href":"https:\/\/santemc.quebec\/icentre\/wp-json\/wp\/v2\/users\/1"}],"replies":[{"embeddable":true,"href":"https:\/\/santemc.quebec\/icentre\/wp-json\/wp\/v2\/comments?post=5635"}],"version-history":[{"count":6,"href":"https:\/\/santemc.quebec\/icentre\/wp-json\/wp\/v2\/posts\/5635\/revisions"}],"predecessor-version":[{"id":5643,"href":"https:\/\/santemc.quebec\/icentre\/wp-json\/wp\/v2\/posts\/5635\/revisions\/5643"}],"wp:attachment":[{"href":"https:\/\/santemc.quebec\/icentre\/wp-json\/wp\/v2\/media?parent=5635"}],"wp:term":[{"taxonomy":"category","embeddable":true,"href":"https:\/\/santemc.quebec\/icentre\/wp-json\/wp\/v2\/categories?post=5635"},{"taxonomy":"post_tag","embeddable":true,"href":"https:\/\/santemc.quebec\/icentre\/wp-json\/wp\/v2\/tags?post=5635"}],"curies":[{"name":"wp","href":"https:\/\/api.w.org\/{rel}","templated":true}]}}