{"id":5645,"date":"2017-10-23T15:50:19","date_gmt":"2017-10-23T19:50:19","guid":{"rendered":"http:\/\/santemc.quebec\/icentre\/?p=5645"},"modified":"2017-10-23T16:18:19","modified_gmt":"2017-10-23T20:18:19","slug":"des-urgentologues-lhopital-charles-le-moyne-font-rayonner-leur-expertise-en-echographie-ciblee","status":"publish","type":"post","link":"https:\/\/santemc.quebec\/icentre\/des-urgentologues-lhopital-charles-le-moyne-font-rayonner-leur-expertise-en-echographie-ciblee\/","title":{"rendered":"Des urgentologues de l\u2019H\u00f4pital Charles-Le Moyne font rayonner leur expertise en \u00e9chographie cibl\u00e9e"},"content":{"rendered":"<div id=\"attachment_5652\" style=\"width: 310px\" class=\"wp-caption alignleft\"><a href=\"http:\/\/santemc.quebec\/santemc\/icentre\/wp-content\/uploads\/2017\/10\/IMG_3861-1.jpg\"><img aria-describedby=\"caption-attachment-5652\" decoding=\"async\" loading=\"lazy\" class=\"wp-image-5652 size-medium\" src=\"http:\/\/santemc.quebec\/santemc\/icentre\/wp-content\/uploads\/2017\/10\/IMG_3861-1-300x195.jpg\" alt=\"\" width=\"300\" height=\"195\" srcset=\"https:\/\/santemc.quebec\/santemc\/icentre\/wp-content\/uploads\/2017\/10\/IMG_3861-1-300x195.jpg 300w, https:\/\/santemc.quebec\/santemc\/icentre\/wp-content\/uploads\/2017\/10\/IMG_3861-1-768x499.jpg 768w, https:\/\/santemc.quebec\/santemc\/icentre\/wp-content\/uploads\/2017\/10\/IMG_3861-1-461x300.jpg 461w, https:\/\/santemc.quebec\/santemc\/icentre\/wp-content\/uploads\/2017\/10\/IMG_3861-1.jpg 795w\" sizes=\"(max-width: 300px) 100vw, 300px\" \/><\/a><p id=\"caption-attachment-5652\" class=\"wp-caption-text\">Dr Maxime Valois et Dr Jean-Fran\u00e7ois Lanct\u00f4t, urgentologues \u00e0 l&rsquo;H\u00f4pital Charles-Le Moyne<\/p><\/div>\n<p>&nbsp;<\/p>\n<p>Saviez-vous que l\u2019H\u00f4pital Charles-Le Moyne d\u00e9tient une expertise unique en \u00e9chographie cibl\u00e9e? En effet, les docteurs Maxime Valois et Jean-Fran\u00e7ois Lanct\u00f4t, urgentologues, ont r\u00e9cemment organis\u00e9 le Congr\u00e8s mondial d&rsquo;enseignement de l&rsquo;\u00e9chographie cibl\u00e9e, <em>World Conference of Ultrasound in Medical Education<\/em>, qui avait lieu \u00e0 Montr\u00e9al \u00e0 l&rsquo;H\u00f4tel Bonaventure du 12 au 15 octobre.<!--more--><\/p>\n<p>Ce congr\u00e8s international o\u00f9 une multitude d&rsquo;experts mondiaux en \u00e9chographie cibl\u00e9e ont partag\u00e9 leurs connaissances en la mati\u00e8re a \u00e9t\u00e9 l\u2019occasion de se pencher sur l\u2019impact de l&rsquo;introduction de l&rsquo;\u00e9chographie cibl\u00e9e dans les curriculums de m\u00e9decine.<\/p>\n<p>Des doyens, directeurs d&rsquo;enseignement et professeurs de multiples pays y ont partag\u00e9 leurs exp\u00e9riences, leurs succ\u00e8s et leurs difficult\u00e9s. Docteur Maxime Valois co-pr\u00e9sidait l\u2019\u00e9v\u00e9nement qui r\u00e9unissait 600 participants provenant de 28 pays.<\/p>\n<p>Juste apr\u00e8s le Congr\u00e8s se tenait \u00e9galement la conf\u00e9rence <em>Bring Me Back To LIFE again<\/em> le 16 octobre. Cette journ\u00e9e, sous le th\u00e8me de la r\u00e9animation, r\u00e9unissait des conf\u00e9rences offertes par des conf\u00e9renciers internationaux chevronn\u00e9s.<\/p>\n<p>Les docteurs Valois et Lanct\u00f4t organisent \u00e9galement des cours EGLS (<em>Echo-Guided Life Support<\/em>) un peu partout dans le monde. \u00c0 titre d&rsquo;exemple, depuis le d\u00e9but de l&rsquo;ann\u00e9e, ils ont organis\u00e9 des cours EGLS au Canada, aux \u00c9tats-Unis, en Afrique du Sud, en Namibie, en Irlande, en \u00c9cosse, en Nouvelle-Z\u00e9lande, en Hollande et en Australie.<\/p>\n<p>Les m\u00e9decins du d\u00e9partement de m\u00e9decine d\u2019urgence de l\u2019H\u00f4pital Charles-Le Moyne offrent r\u00e9guli\u00e8rement des formations <em>\u00c9chographie cibl\u00e9e<\/em> \u00e0 des m\u00e9decins provenant de tous horizons. Nous leur adressons nos plus vives f\u00e9licitations!<\/p>\n<p>Pour plus d&rsquo;information au sujet du congr\u00e8s <em>World Conference of Ultrasound in Medical Education<\/em> et de la conf\u00e9rence <em>Bring Me Back To LIFE again<\/em>, visitez le <a href=\"http:\/\/www.WCUME2017.org\" target=\"_blank\" rel=\"noopener\">www.WCUME2017.org<\/a> et le \u00a0<a href=\"http:\/\/www.BringMeBackToLIFE.ca\" target=\"_blank\" rel=\"noopener\">www.BringMeBackToLIFE.ca<\/a><\/p>\n","protected":false},"excerpt":{"rendered":"<p>&nbsp; Saviez-vous que l\u2019H\u00f4pital Charles-Le Moyne d\u00e9tient une expertise unique en \u00e9chographie cibl\u00e9e? En effet, les docteurs Maxime Valois et Jean-Fran\u00e7ois Lanct\u00f4t, urgentologues, ont r\u00e9cemment organis\u00e9 le Congr\u00e8s mondial d&rsquo;enseignement de l&rsquo;\u00e9chographie cibl\u00e9e, World Conference of Ultrasound in Medical Education, &hellip; <a href=\"https:\/\/santemc.quebec\/icentre\/des-urgentologues-lhopital-charles-le-moyne-font-rayonner-leur-expertise-en-echographie-ciblee\/\">Continuer la lecture <span class=\"meta-nav\">&rarr;<\/span><\/a><\/p>\n","protected":false},"author":1,"featured_media":0,"comment_status":"open","ping_status":"closed","sticky":false,"template":"","format":"standard","meta":{"footnotes":""},"categories":[1],"tags":[],"_links":{"self":[{"href":"https:\/\/santemc.quebec\/icentre\/wp-json\/wp\/v2\/posts\/5645"}],"collection":[{"href":"https:\/\/santemc.quebec\/icentre\/wp-json\/wp\/v2\/posts"}],"about":[{"href":"https:\/\/santemc.quebec\/icentre\/wp-json\/wp\/v2\/types\/post"}],"author":[{"embeddable":true,"href":"https:\/\/santemc.quebec\/icentre\/wp-json\/wp\/v2\/users\/1"}],"replies":[{"embeddable":true,"href":"https:\/\/santemc.quebec\/icentre\/wp-json\/wp\/v2\/comments?post=5645"}],"version-history":[{"count":8,"href":"https:\/\/santemc.quebec\/icentre\/wp-json\/wp\/v2\/posts\/5645\/revisions"}],"predecessor-version":[{"id":5655,"href":"https:\/\/santemc.quebec\/icentre\/wp-json\/wp\/v2\/posts\/5645\/revisions\/5655"}],"wp:attachment":[{"href":"https:\/\/santemc.quebec\/icentre\/wp-json\/wp\/v2\/media?parent=5645"}],"wp:term":[{"taxonomy":"category","embeddable":true,"href":"https:\/\/santemc.quebec\/icentre\/wp-json\/wp\/v2\/categories?post=5645"},{"taxonomy":"post_tag","embeddable":true,"href":"https:\/\/santemc.quebec\/icentre\/wp-json\/wp\/v2\/tags?post=5645"}],"curies":[{"name":"wp","href":"https:\/\/api.w.org\/{rel}","templated":true}]}}