{"id":5657,"date":"2017-10-24T13:32:22","date_gmt":"2017-10-24T17:32:22","guid":{"rendered":"http:\/\/santemc.quebec\/icentre\/?p=5657"},"modified":"2017-10-24T13:32:22","modified_gmt":"2017-10-24T17:32:22","slug":"la-clinique-devaluation-des-troubles-du-spectre-de-lautisme-maintenant-dans-les-locaux-de-linstallation-institut-nazareth-et-louis-braille","status":"publish","type":"post","link":"https:\/\/santemc.quebec\/icentre\/la-clinique-devaluation-des-troubles-du-spectre-de-lautisme-maintenant-dans-les-locaux-de-linstallation-institut-nazareth-et-louis-braille\/","title":{"rendered":"La clinique d\u2019\u00e9valuation des troubles du spectre de l\u2019autisme maintenant dans les locaux de l\u2019installation Institut Nazareth et Louis-Braille"},"content":{"rendered":"<p>L\u2019\u00e9quipe de la clinique d\u2019\u00e9valuation des troubles du spectre de l\u2019autisme accueillera, cette semaine, ses premiers clients dans les locaux de l\u2019Institut Nazareth et Louis-Braille (INLB). Notez que vous pourrez d\u00e9sormais joindre la clinique au 450 463-1710, poste 279.<\/p>\n<p><!--more--><\/p>\n<p>La relocalisation de cette clinique, auparavant localis\u00e9e au sous-sol de l\u2019H\u00f4pital Charles-Le Moyne, permettra la cr\u00e9ation, dans les espaces laiss\u00e9s vacants, d\u2019une nouvelle unit\u00e9 d\u2019endoscopie. Ces mouvements et projets permettront de transformer les espaces o\u00f9 sont offerts les soins et services afin de permettre le d\u00e9veloppement et l\u2019am\u00e9lioration de ceux-ci.<\/p>\n<p>Pour suivre l\u2019\u00e9volution des autres projets d\u2019am\u00e9lioration des environnements de soins et services en cours sur les deux RLS, nous vous invitons \u00e0 consulter l\u2019info-travaux, publi\u00e9 p\u00e9riodiquement, dans le i-centre (archives).<\/p>\n<p>En terminant, merci aux \u00e9quipes qui se sont mobilis\u00e9es lors de ce projet, depuis sa conception jusqu\u2019\u00e0 l\u2019occupation des lieux.<\/p>\n","protected":false},"excerpt":{"rendered":"<p>L\u2019\u00e9quipe de la clinique d\u2019\u00e9valuation des troubles du spectre de l\u2019autisme accueillera, cette semaine, ses premiers clients dans les locaux de l\u2019Institut Nazareth et Louis-Braille (INLB). Notez que vous pourrez d\u00e9sormais joindre la clinique au 450 463-1710, poste 279.<\/p>\n","protected":false},"author":9,"featured_media":0,"comment_status":"open","ping_status":"closed","sticky":false,"template":"","format":"standard","meta":{"footnotes":""},"categories":[1],"tags":[],"_links":{"self":[{"href":"https:\/\/santemc.quebec\/icentre\/wp-json\/wp\/v2\/posts\/5657"}],"collection":[{"href":"https:\/\/santemc.quebec\/icentre\/wp-json\/wp\/v2\/posts"}],"about":[{"href":"https:\/\/santemc.quebec\/icentre\/wp-json\/wp\/v2\/types\/post"}],"author":[{"embeddable":true,"href":"https:\/\/santemc.quebec\/icentre\/wp-json\/wp\/v2\/users\/9"}],"replies":[{"embeddable":true,"href":"https:\/\/santemc.quebec\/icentre\/wp-json\/wp\/v2\/comments?post=5657"}],"version-history":[{"count":1,"href":"https:\/\/santemc.quebec\/icentre\/wp-json\/wp\/v2\/posts\/5657\/revisions"}],"predecessor-version":[{"id":5658,"href":"https:\/\/santemc.quebec\/icentre\/wp-json\/wp\/v2\/posts\/5657\/revisions\/5658"}],"wp:attachment":[{"href":"https:\/\/santemc.quebec\/icentre\/wp-json\/wp\/v2\/media?parent=5657"}],"wp:term":[{"taxonomy":"category","embeddable":true,"href":"https:\/\/santemc.quebec\/icentre\/wp-json\/wp\/v2\/categories?post=5657"},{"taxonomy":"post_tag","embeddable":true,"href":"https:\/\/santemc.quebec\/icentre\/wp-json\/wp\/v2\/tags?post=5657"}],"curies":[{"name":"wp","href":"https:\/\/api.w.org\/{rel}","templated":true}]}}