{"id":5667,"date":"2017-10-25T14:18:13","date_gmt":"2017-10-25T18:18:13","guid":{"rendered":"http:\/\/santemc.quebec\/icentre\/?p=5667"},"modified":"2017-10-25T14:21:06","modified_gmt":"2017-10-25T18:21:06","slug":"temoignages-dusagers","status":"publish","type":"post","link":"https:\/\/santemc.quebec\/icentre\/temoignages-dusagers\/","title":{"rendered":"T\u00e9moignages d&rsquo;usagers"},"content":{"rendered":"<p><em><a href=\"http:\/\/santemc.quebec\/santemc\/icentre\/wp-content\/uploads\/2017\/10\/temoignages-1.png\"><img decoding=\"async\" loading=\"lazy\" class=\"aligncenter size-full wp-image-5639\" src=\"http:\/\/santemc.quebec\/santemc\/icentre\/wp-content\/uploads\/2017\/10\/temoignages-1.png\" alt=\"\" width=\"848\" height=\"213\" srcset=\"https:\/\/santemc.quebec\/santemc\/icentre\/wp-content\/uploads\/2017\/10\/temoignages-1.png 848w, https:\/\/santemc.quebec\/santemc\/icentre\/wp-content\/uploads\/2017\/10\/temoignages-1-300x75.png 300w, https:\/\/santemc.quebec\/santemc\/icentre\/wp-content\/uploads\/2017\/10\/temoignages-1-768x193.png 768w, https:\/\/santemc.quebec\/santemc\/icentre\/wp-content\/uploads\/2017\/10\/temoignages-1-500x126.png 500w\" sizes=\"(max-width: 848px) 100vw, 848px\" \/><\/a>Dans le cadre de la Semaine de la rentr\u00e9e, nous vous pr\u00e9sentons des t\u00e9moignages d\u2019usagers ayant re\u00e7u des services dans nos installations. Voici celui d&rsquo;un usager de l&rsquo;Institut Nazareth et Louis-Braille.<\/em><\/p>\n<hr \/>\n<p>Je voulais transmettre, en cette occasion, ma profonde reconnaissance pour toute l\u2019aide que j\u2019ai re\u00e7ue de l\u2019Institut Nazareth et Louis-Braille.<\/p>\n<p><!--more--><\/p>\n<p>Pour une personne visuellement handicap\u00e9e, \u00e7a donne chaud au c\u0153ur de voir et sentir la g\u00e9n\u00e9rosit\u00e9 et le professionnalisme des sp\u00e9cialistes de l\u2019Institut qui ont montr\u00e9 beaucoup de patience et d\u2019empathie envers moi.<\/p>\n<p>F\u00e9licitations \u00e0 tous pour le bon travail!<\/p>\n<p>Dans un souci de confidentialit\u00e9, nous avons anonymis\u00e9 le t\u00e9moignage.<\/p>\n","protected":false},"excerpt":{"rendered":"<p>Dans le cadre de la Semaine de la rentr\u00e9e, nous vous pr\u00e9sentons des t\u00e9moignages d\u2019usagers ayant re\u00e7u des services dans nos installations. Voici celui d&rsquo;un usager de l&rsquo;Institut Nazareth et Louis-Braille. Je voulais transmettre, en cette occasion, ma profonde reconnaissance &hellip; <a href=\"https:\/\/santemc.quebec\/icentre\/temoignages-dusagers\/\">Continuer la lecture <span class=\"meta-nav\">&rarr;<\/span><\/a><\/p>\n","protected":false},"author":9,"featured_media":0,"comment_status":"open","ping_status":"closed","sticky":false,"template":"","format":"standard","meta":{"footnotes":""},"categories":[1],"tags":[],"_links":{"self":[{"href":"https:\/\/santemc.quebec\/icentre\/wp-json\/wp\/v2\/posts\/5667"}],"collection":[{"href":"https:\/\/santemc.quebec\/icentre\/wp-json\/wp\/v2\/posts"}],"about":[{"href":"https:\/\/santemc.quebec\/icentre\/wp-json\/wp\/v2\/types\/post"}],"author":[{"embeddable":true,"href":"https:\/\/santemc.quebec\/icentre\/wp-json\/wp\/v2\/users\/9"}],"replies":[{"embeddable":true,"href":"https:\/\/santemc.quebec\/icentre\/wp-json\/wp\/v2\/comments?post=5667"}],"version-history":[{"count":5,"href":"https:\/\/santemc.quebec\/icentre\/wp-json\/wp\/v2\/posts\/5667\/revisions"}],"predecessor-version":[{"id":5672,"href":"https:\/\/santemc.quebec\/icentre\/wp-json\/wp\/v2\/posts\/5667\/revisions\/5672"}],"wp:attachment":[{"href":"https:\/\/santemc.quebec\/icentre\/wp-json\/wp\/v2\/media?parent=5667"}],"wp:term":[{"taxonomy":"category","embeddable":true,"href":"https:\/\/santemc.quebec\/icentre\/wp-json\/wp\/v2\/categories?post=5667"},{"taxonomy":"post_tag","embeddable":true,"href":"https:\/\/santemc.quebec\/icentre\/wp-json\/wp\/v2\/tags?post=5667"}],"curies":[{"name":"wp","href":"https:\/\/api.w.org\/{rel}","templated":true}]}}